{"id":16221,"date":"2015-07-13T13:16:28","date_gmt":"2015-07-13T12:16:28","guid":{"rendered":"http:\/\/2horizontes.com\/?p=16221"},"modified":"2015-07-13T13:22:05","modified_gmt":"2015-07-13T12:22:05","slug":"revaluan-celebracion-de-miss-puerto-rico-tras-las-polemicas-de-trump","status":"publish","type":"post","link":"https:\/\/2horizontes.com\/?p=16221","title":{"rendered":"Reval\u00faan celebraci\u00f3n de Miss Puerto Rico tras las pol\u00e9micas de Trump"},"content":{"rendered":"<p><strong>Puerto Rico<\/strong><\/p>\n<p>La gerencia del Centro de Bellas Artes de San Juan reval\u00faa la oportunidad de albergar la celebraci\u00f3n de la pr\u00f3xima edici\u00f3n de Miss Puerto Rico Universo en sus instalaciones, a ra\u00edz de las pol\u00e9micas expresiones del propietario del concurso y precandidato presidencial republicano, Donald Trump.<\/p>\n<p>\u201cPara m\u00ed, est\u00e1 siendo bien dif\u00edcil e inc\u00f3modo porque est\u00e1bamos muy entusiasmados con todo\u201d<\/p>\n<p>El director general del principal centro teatral de Puerto Rico, Ricardo Cobi\u00e1n Figeroux, explic\u00f3 hoy a Efe que se est\u00e1 reconsiderando la celebraci\u00f3n del espect\u00e1culo, previsto para marzo de 2016, porque, pese a la pol\u00e9mica, supone un importante evento para la econom\u00eda local que da empleo a mucha gente.<\/p>\n<p>&nbsp;<\/p>\n<p>\u00abEs una reconsideraci\u00f3n, pues \u00edbamos a cancelar el evento en respaldo a todos los artistas que han criticado las expresiones de Trump\u00bb, apunt\u00f3 Cobi\u00e1n Figeroux en referencia a la contundente reacci\u00f3n social que se ha desatado en rechazo a los comentarios despectivos del multimillonario contra los inmigrantes mexicanos.<\/p>\n<p>&nbsp;<\/p>\n<p>Contin\u00faan manifestaci\u00f3n contra el multimillonario, mientras algunos l\u00edderes republicanos muestran su rechazo<\/p>\n<p>&nbsp;<\/p>\n<p>\u00abHay que tomar la decisi\u00f3n correcta. Es una decisi\u00f3n pol\u00edtica, pues no queremos solo decir que cancelamos por las expresiones de Trump. Para m\u00ed, est\u00e1 siendo bien dif\u00edcil e inc\u00f3modo porque est\u00e1bamos muy entusiasmados con todo\u00bb, afirm\u00f3.<\/p>\n<p>Trump acus\u00f3 recientemente a los inmigrantes -en particular a los mexicanos- de llevar drogas y delincuencia a EEUU y se mostr\u00f3 partidario de levantar un muro a lo largo de la frontera con M\u00e9xico.<\/p>\n<p>&nbsp;<\/p>\n<p>El precandidato asegur\u00f3 que los comentarios no representan la visi\u00f3n del Partido Republicano.<\/p>\n<p>&nbsp;<\/p>\n<p>Desde que se desat\u00f3 la pol\u00e9mica, el empresario neoyorquino, propietario de las franquicias Miss USA y Miss Universo, ha recibido el boicot de empresas como Univisi\u00f3n, NBC, ESPN, Macys y otras muchas, as\u00ed como de todo tipo de personalidades p\u00fablicas.<\/p>\n<p>&nbsp;<\/p>\n<p>\u00abTrump es un racista empedernido y una amenaza p\u00fablica. Ahora estamos tratando de buscar una soluci\u00f3n\u00bb, expres\u00f3 Cobi\u00e1n Figeroux.<\/p>\n<p>La controversia Trump<\/p>\n<p>Ante la controversia, Cobi\u00e1n Figeroux redact\u00f3 una carta dirigida a los organizadores de Miss Puerto Rico Universo, Luis Vigorea\u00fcx y Desir\u00e9e Lowry, indic\u00e1ndoles que \u00abno formalizar\u00e1 el contrato para la presentaci\u00f3n del concurso\u00bb el a\u00f1o pr\u00f3ximo.<\/p>\n<p>&nbsp;<\/p>\n<p>El magnate precandidato presidencial dijo este mi\u00e9rcoles que tiene excelentes relaciones con los mexicanos.<\/p>\n<p>&nbsp;<\/p>\n<p>Sin embargo, Cobi\u00e1n Figeroux se reuni\u00f3 con Vigorea\u00fcx y se comprometi\u00f3 a revaluar su determinaci\u00f3n, \u00abporque esto es no es una producci\u00f3n como cualquier otra, pues involucra a mucha gente\u00bb, entre ellos, t\u00e9cnicos de luces y sonido, tramoyistas y las participantes.<\/p>\n<p>Explic\u00f3 que no organizar el evento en el Centro de Bellas Artes supondr\u00e1 una p\u00e9rdida de unos 10 mil d\u00f3lares.<\/p>\n<p>\u00abA Trump no le afectar\u00eda nada el que no se organice el evento en Puerto Rico, pero s\u00ed a mucha gente que trabaje en \u00e9l\u00bb, indic\u00f3 Cobi\u00e1n Figeroux.<\/p>\n<p>La mayor\u00eda de las ediciones del Miss Puerto Rico Universo se han llevado a cabo en el Centro de Bellas Artes, en San Juan, pero el a\u00f1o pasado se organiz\u00f3 en el Centro Ferial Juan H. Cintr\u00f3n, en Ponce, municipio al sur de la isla.<\/p>\n<p>\u00a9EFE<\/p>\n","protected":false},"excerpt":{"rendered":"<p>Puerto Rico La gerencia del Centro de Bellas Artes de San Juan reval\u00faa la oportunidad de albergar la celebraci\u00f3n de la pr\u00f3xima edici\u00f3n de Miss Puerto Rico Universo en sus instalaciones, a ra\u00edz de las pol\u00e9micas expresiones del propietario del concurso y precandidato presidencial republicano, Donald Trump. \u201cPara m\u00ed, est\u00e1 siendo bien dif\u00edcil e inc\u00f3modo [&hellip;]<\/p>\n","protected":false},"author":7,"featured_media":16225,"comment_status":"open","ping_status":"open","sticky":false,"template":"","format":"standard","meta":{"footnotes":""},"categories":[1,40],"tags":[],"class_list":["post-16221","post","type-post","status-publish","format-standard","has-post-thumbnail","hentry","category-entretenimiento","category-internacionales"],"_links":{"self":[{"href":"https:\/\/2horizontes.com\/index.php?rest_route=\/wp\/v2\/posts\/16221","targetHints":{"allow":["GET"]}}],"collection":[{"href":"https:\/\/2horizontes.com\/index.php?rest_route=\/wp\/v2\/posts"}],"about":[{"href":"https:\/\/2horizontes.com\/index.php?rest_route=\/wp\/v2\/types\/post"}],"author":[{"embeddable":true,"href":"https:\/\/2horizontes.com\/index.php?rest_route=\/wp\/v2\/users\/7"}],"replies":[{"embeddable":true,"href":"https:\/\/2horizontes.com\/index.php?rest_route=%2Fwp%2Fv2%2Fcomments&post=16221"}],"version-history":[{"count":2,"href":"https:\/\/2horizontes.com\/index.php?rest_route=\/wp\/v2\/posts\/16221\/revisions"}],"predecessor-version":[{"id":16229,"href":"https:\/\/2horizontes.com\/index.php?rest_route=\/wp\/v2\/posts\/16221\/revisions\/16229"}],"wp:featuredmedia":[{"embeddable":true,"href":"https:\/\/2horizontes.com\/index.php?rest_route=\/wp\/v2\/media\/16225"}],"wp:attachment":[{"href":"https:\/\/2horizontes.com\/index.php?rest_route=%2Fwp%2Fv2%2Fmedia&parent=16221"}],"wp:term":[{"taxonomy":"category","embeddable":true,"href":"https:\/\/2horizontes.com\/index.php?rest_route=%2Fwp%2Fv2%2Fcategories&post=16221"},{"taxonomy":"post_tag","embeddable":true,"href":"https:\/\/2horizontes.com\/index.php?rest_route=%2Fwp%2Fv2%2Ftags&post=16221"}],"curies":[{"name":"wp","href":"https:\/\/api.w.org\/{rel}","templated":true}]}}