{"id":16186,"date":"2015-07-13T12:27:42","date_gmt":"2015-07-13T11:27:42","guid":{"rendered":"http:\/\/2horizontes.com\/?p=16186"},"modified":"2015-07-13T12:27:42","modified_gmt":"2015-07-13T11:27:42","slug":"policia-salvadorena-declara-alerta-fronteriza-por-fuga-del-chapo-en-mexico","status":"publish","type":"post","link":"https:\/\/2horizontes.com\/?p=16186","title":{"rendered":"Polic\u00eda salvadore\u00f1a declara alerta fronteriza por fuga del \u00abChapo\u00bb en M\u00e9xico"},"content":{"rendered":"<div id=\"ArticleAuthorDiv\" class=\"article-body-author\"><b>EFE<\/b><\/div>\n<div id=\"ArticleSourceDiv\" class=\"article-body-author\"><b>San Salvador<\/b><\/div>\n<div id=\"ArticleBody\">\n<p>La Polic\u00eda Nacional Civil de El Salvador (PNC) decret\u00f3 ayer una alerta en las fronteras del pa\u00eds para evitar un posible ingres\u00f3 del narcotraficante Joaqu\u00edn \u00abEl Chapo\u00bb Guzm\u00e1n, quien se fug\u00f3 de una prisi\u00f3n mexicana la noche del s\u00e1bado, inform\u00f3 un portavoz del ente policial.<\/p>\n<p>\u00abNos mantenemos en alerta en las fronteras terrestres, a\u00e9reas y mar\u00edtimas\u00bb, dijo la fuente a Efe.<\/p>\n<p>La misma no detall\u00f3 las medidas que adoptar\u00e1 la PNC para \u00abredoblar la vigilancia\u00bb por \u00abcuestiones de seguridad\u00bb.<\/p>\n<p>Seg\u00fan un informe de la Oficina de Naciones Unidas contra la Droga y el Delito (UNODOC, por sus siglas en ingl\u00e9s) de 2012, en El Salvador la banda de transporte de drogas conocida como \u00abLos Perrones\u00bb posee \u00abalianzas con organizaciones criminales mexicanas\u00bb, en particular con el Cartel del Pac\u00edfico, asociado con \u00abEl Chapo\u00bb Guzm\u00e1n.<\/p>\n<\/div>\n<div><\/div>\n<p>&nbsp;<\/p>\n","protected":false},"excerpt":{"rendered":"<p>EFE San Salvador La Polic\u00eda Nacional Civil de El Salvador (PNC) decret\u00f3 ayer una alerta en las fronteras del pa\u00eds para evitar un posible ingres\u00f3 del narcotraficante Joaqu\u00edn \u00abEl Chapo\u00bb Guzm\u00e1n, quien se fug\u00f3 de una prisi\u00f3n mexicana la noche del s\u00e1bado, inform\u00f3 un portavoz del ente policial. \u00abNos mantenemos en alerta en las fronteras [&hellip;]<\/p>\n","protected":false},"author":7,"featured_media":16187,"comment_status":"open","ping_status":"open","sticky":false,"template":"","format":"standard","meta":{"footnotes":""},"categories":[40],"tags":[],"class_list":["post-16186","post","type-post","status-publish","format-standard","has-post-thumbnail","hentry","category-internacionales"],"_links":{"self":[{"href":"https:\/\/2horizontes.com\/index.php?rest_route=\/wp\/v2\/posts\/16186","targetHints":{"allow":["GET"]}}],"collection":[{"href":"https:\/\/2horizontes.com\/index.php?rest_route=\/wp\/v2\/posts"}],"about":[{"href":"https:\/\/2horizontes.com\/index.php?rest_route=\/wp\/v2\/types\/post"}],"author":[{"embeddable":true,"href":"https:\/\/2horizontes.com\/index.php?rest_route=\/wp\/v2\/users\/7"}],"replies":[{"embeddable":true,"href":"https:\/\/2horizontes.com\/index.php?rest_route=%2Fwp%2Fv2%2Fcomments&post=16186"}],"version-history":[{"count":1,"href":"https:\/\/2horizontes.com\/index.php?rest_route=\/wp\/v2\/posts\/16186\/revisions"}],"predecessor-version":[{"id":16188,"href":"https:\/\/2horizontes.com\/index.php?rest_route=\/wp\/v2\/posts\/16186\/revisions\/16188"}],"wp:featuredmedia":[{"embeddable":true,"href":"https:\/\/2horizontes.com\/index.php?rest_route=\/wp\/v2\/media\/16187"}],"wp:attachment":[{"href":"https:\/\/2horizontes.com\/index.php?rest_route=%2Fwp%2Fv2%2Fmedia&parent=16186"}],"wp:term":[{"taxonomy":"category","embeddable":true,"href":"https:\/\/2horizontes.com\/index.php?rest_route=%2Fwp%2Fv2%2Fcategories&post=16186"},{"taxonomy":"post_tag","embeddable":true,"href":"https:\/\/2horizontes.com\/index.php?rest_route=%2Fwp%2Fv2%2Ftags&post=16186"}],"curies":[{"name":"wp","href":"https:\/\/api.w.org\/{rel}","templated":true}]}}