{"id":16104,"date":"2015-07-11T12:40:11","date_gmt":"2015-07-11T11:40:11","guid":{"rendered":"http:\/\/2horizontes.com\/?p=16104"},"modified":"2015-07-11T12:40:11","modified_gmt":"2015-07-11T11:40:11","slug":"iglesia-catolica-en-venezuela-pide-tomar-medidas-ante-devaluacion","status":"publish","type":"post","link":"https:\/\/2horizontes.com\/?p=16104","title":{"rendered":"Iglesia Cat\u00f3lica en Venezuela pide tomar medidas ante devaluaci\u00f3n"},"content":{"rendered":"<p>EFE\u00a0 \/ Caracas<\/p>\n<p>Los obispos de Venezuela hicieron una exhortaci\u00f3n al Gobierno para que tome medidas econ\u00f3micas \u00absensatas\u201d\u00a0 ante la acelerada devaluaci\u00f3n de la moneda, al tiempo que criticaron la existencia de territorios gobernados por la delincuencia que act\u00faan con impunidad e impiden el ingreso de cuerpos de seguridad.<\/p>\n<p>En un documento difundido hoy llamado\u00a0 Exhortaci\u00f3n Pastoral del Episcopado Venezolano,\u00a0 realizado durante la 104 Asamblea Ordinaria de los obispos, los religiosos dijeron ver \u00abcon asombro\u201d la devaluaci\u00f3n diaria de la moneda que \u00abgolpea el poder adquisitivo de las familias venezolanas\u201d.<\/p>\n<p>La exhortaci\u00f3n se hace horas despu\u00e9s de que se conociera que el precio del d\u00f3lar en el mercado negro venezolano super\u00f3 los 600 bol\u00edvares, lo que implica un aumento de m\u00e1s de 600% en apenas un a\u00f1o. \u00abUrge tomar medidas econ\u00f3micas sensatas en el marco de la Constituci\u00f3n y las leyes que impidan ese absurdo y nocivo mecanismo de una pol\u00edtica econ\u00f3mica equivocada que enriquece a unos pocos y empobrece a la mayor\u00eda\u201d, dicen.<\/p>\n<p>Cabe recordar que\u00a0\u00a0 el Banco Central de Venezuela (BCV) no ha informado de las cifras de inflaci\u00f3n ni del PIB en lo que va de 2015. Destacaron la existencia de \u00abun nuevo y grav\u00edsimo problema\u201d, las \u00abmal llamadas \u2018zonas de paz\u2019\u201d, creadas y bautizadas as\u00ed por el Viceministerio de Seguridad del Ministerio de Interior que nacieron en 2013 con la idea de impulsar el desarme en esos territorios y dar poder a la comunidad para la autogesti\u00f3n de su propia seguridad.<\/p>\n<p>Los obispos criticaron que en esas zonas, ubicadas en sectores populares, \u00ablos cuerpos de seguridad del Estado no pueden ingresar ni actuar sin orden superior\u201d.<\/p>\n","protected":false},"excerpt":{"rendered":"<p>EFE\u00a0 \/ Caracas Los obispos de Venezuela hicieron una exhortaci\u00f3n al Gobierno para que tome medidas econ\u00f3micas \u00absensatas\u201d\u00a0 ante la acelerada devaluaci\u00f3n de la moneda, al tiempo que criticaron la existencia de territorios gobernados por la delincuencia que act\u00faan con impunidad e impiden el ingreso de cuerpos de seguridad. En un documento difundido hoy llamado\u00a0 [&hellip;]<\/p>\n","protected":false},"author":7,"featured_media":16105,"comment_status":"open","ping_status":"open","sticky":false,"template":"","format":"standard","meta":{"footnotes":""},"categories":[40,48],"tags":[],"class_list":["post-16104","post","type-post","status-publish","format-standard","has-post-thumbnail","hentry","category-internacionales","category-venezuela"],"_links":{"self":[{"href":"https:\/\/2horizontes.com\/index.php?rest_route=\/wp\/v2\/posts\/16104","targetHints":{"allow":["GET"]}}],"collection":[{"href":"https:\/\/2horizontes.com\/index.php?rest_route=\/wp\/v2\/posts"}],"about":[{"href":"https:\/\/2horizontes.com\/index.php?rest_route=\/wp\/v2\/types\/post"}],"author":[{"embeddable":true,"href":"https:\/\/2horizontes.com\/index.php?rest_route=\/wp\/v2\/users\/7"}],"replies":[{"embeddable":true,"href":"https:\/\/2horizontes.com\/index.php?rest_route=%2Fwp%2Fv2%2Fcomments&post=16104"}],"version-history":[{"count":1,"href":"https:\/\/2horizontes.com\/index.php?rest_route=\/wp\/v2\/posts\/16104\/revisions"}],"predecessor-version":[{"id":16106,"href":"https:\/\/2horizontes.com\/index.php?rest_route=\/wp\/v2\/posts\/16104\/revisions\/16106"}],"wp:featuredmedia":[{"embeddable":true,"href":"https:\/\/2horizontes.com\/index.php?rest_route=\/wp\/v2\/media\/16105"}],"wp:attachment":[{"href":"https:\/\/2horizontes.com\/index.php?rest_route=%2Fwp%2Fv2%2Fmedia&parent=16104"}],"wp:term":[{"taxonomy":"category","embeddable":true,"href":"https:\/\/2horizontes.com\/index.php?rest_route=%2Fwp%2Fv2%2Fcategories&post=16104"},{"taxonomy":"post_tag","embeddable":true,"href":"https:\/\/2horizontes.com\/index.php?rest_route=%2Fwp%2Fv2%2Ftags&post=16104"}],"curies":[{"name":"wp","href":"https:\/\/api.w.org\/{rel}","templated":true}]}}