{"id":15989,"date":"2015-07-10T16:47:06","date_gmt":"2015-07-10T15:47:06","guid":{"rendered":"http:\/\/2horizontes.com\/?p=15989"},"modified":"2015-07-10T16:47:06","modified_gmt":"2015-07-10T15:47:06","slug":"debaten-sobre-la-propuesta-para-dividir-santiago-rd","status":"publish","type":"post","link":"https:\/\/2horizontes.com\/?p=15989","title":{"rendered":"Debaten sobre la propuesta para dividir Santiago RD"},"content":{"rendered":"<div id=\"ArticleBody\">\n<p>RD- SANTIAGO-Diferentes sectores de Santiago, entre ellos l\u00edderes de la sociedad civil, dirigentes comunitarios, legisladores y otros, participaron ayer en el Centro Regional Universitario de Santiago (Cursa), extensi\u00f3n de la UASD, en una vista p\u00fablica en la que se discuti\u00f3 la iniciativa de un grupo de organizaciones de Cienfuegos que buscan fraccionar esta ciudad.<\/p>\n<p>En el evento, el director ejecutivo del Consejo de Desarrollo Plan Estrat\u00e9gico de Santiago, Reynaldo Peguero, dijo que se identifican con los planteamientos que hacen los representativos de Cienfuegos para que se ejecuten las obras que requiere ese barrio, como su acueducto que ya se est\u00e1 construyendo.<\/p>\n<p>No obstante, expres\u00f3 que est\u00e1 en desacuerdo con que se tome como par\u00e1metro para dividir la ciudad y dijo que eso es algo peligroso, que deben tomar en cuenta los legisladores a la hora de aprobar una iniciativa de esa magnitud.<\/p>\n<p>Tambi\u00e9n l\u00edderes empresariales presentes en la actividad se expresaron contrarios al proyecto y pidieron al senador Julio C\u00e9sar Valent\u00edn que no se deje sorprender ni acepte presiones.<\/p>\n<p>En tanto, Luis Fern\u00e1ndez, coordinador del movimiento Santiago Somos Todos, dijo que los pol\u00edticos tienen intensiones de descuartizar esta ciudad.<\/p>\n<p>En ese contexto, hizo un llamado a los ciudadanos a estar alertas y evitar nuevas divisiones de Santiago.<\/p>\n<p>\u201cNuevamente intentar\u00e1n convencer a los pol\u00edticos para tratar de descuartizar a Santiago, no permitamos que nuestra ciudad sea dividida otra vez\u201d, insisti\u00f3.<\/p>\n<p>Sostuvo que la entidad, Santiago Somos Todos, est\u00e1 opuesta a la continuaci\u00f3n de aprobar y crear nuevos municipios que dividen las ciudades.<\/p>\n<p>Es por ello que la lucha por lograr ese prop\u00f3sito ha sido ardua y aunque ha encontrado respaldo en la C\u00e1mara de Diputados, no ha podido pasar en el Senado.<\/p>\n<p>Mientras el coordinador del proyecto Santiago Oeste, Hip\u00f3lito Mart\u00ednez, dijo que la creaci\u00f3n de un nuevo municipio teniendo como centro a Cienfuegos conviene a toda la ciudad.<\/p>\n<p>Dijo que pueden estar seguros que el municipio Santiago Oeste ser\u00e1 una realidad pronto, porque hay consenso y dijo que eso descentraliza los servicios p\u00fablicos y mejorar\u00e1 los niveles de vida de los habitantes no solo de Cienfuegos y su entorno, sino de la provincia.<\/p>\n<\/div>\n<div><\/div>\n<p>&nbsp;<\/p>\n","protected":false},"excerpt":{"rendered":"<p>RD- SANTIAGO-Diferentes sectores de Santiago, entre ellos l\u00edderes de la sociedad civil, dirigentes comunitarios, legisladores y otros, participaron ayer en el Centro Regional Universitario de Santiago (Cursa), extensi\u00f3n de la UASD, en una vista p\u00fablica en la que se discuti\u00f3 la iniciativa de un grupo de organizaciones de Cienfuegos que buscan fraccionar esta ciudad. En [&hellip;]<\/p>\n","protected":false},"author":8,"featured_media":15990,"comment_status":"open","ping_status":"open","sticky":false,"template":"","format":"standard","meta":{"footnotes":""},"categories":[43,53],"tags":[],"class_list":["post-15989","post","type-post","status-publish","format-standard","has-post-thumbnail","hentry","category-politica","category-provincias"],"_links":{"self":[{"href":"https:\/\/2horizontes.com\/index.php?rest_route=\/wp\/v2\/posts\/15989","targetHints":{"allow":["GET"]}}],"collection":[{"href":"https:\/\/2horizontes.com\/index.php?rest_route=\/wp\/v2\/posts"}],"about":[{"href":"https:\/\/2horizontes.com\/index.php?rest_route=\/wp\/v2\/types\/post"}],"author":[{"embeddable":true,"href":"https:\/\/2horizontes.com\/index.php?rest_route=\/wp\/v2\/users\/8"}],"replies":[{"embeddable":true,"href":"https:\/\/2horizontes.com\/index.php?rest_route=%2Fwp%2Fv2%2Fcomments&post=15989"}],"version-history":[{"count":1,"href":"https:\/\/2horizontes.com\/index.php?rest_route=\/wp\/v2\/posts\/15989\/revisions"}],"predecessor-version":[{"id":15991,"href":"https:\/\/2horizontes.com\/index.php?rest_route=\/wp\/v2\/posts\/15989\/revisions\/15991"}],"wp:featuredmedia":[{"embeddable":true,"href":"https:\/\/2horizontes.com\/index.php?rest_route=\/wp\/v2\/media\/15990"}],"wp:attachment":[{"href":"https:\/\/2horizontes.com\/index.php?rest_route=%2Fwp%2Fv2%2Fmedia&parent=15989"}],"wp:term":[{"taxonomy":"category","embeddable":true,"href":"https:\/\/2horizontes.com\/index.php?rest_route=%2Fwp%2Fv2%2Fcategories&post=15989"},{"taxonomy":"post_tag","embeddable":true,"href":"https:\/\/2horizontes.com\/index.php?rest_route=%2Fwp%2Fv2%2Ftags&post=15989"}],"curies":[{"name":"wp","href":"https:\/\/api.w.org\/{rel}","templated":true}]}}