{"id":1595,"date":"2014-07-02T13:49:40","date_gmt":"2014-07-02T13:49:40","guid":{"rendered":"http:\/\/2horizontes.com\/?p=1595"},"modified":"2014-07-02T13:59:27","modified_gmt":"2014-07-02T13:59:27","slug":"el-expresidente-de-colombia-alvaro-uribe-dice-r-d-tiene-merito-para-crear-una-marca-pais","status":"publish","type":"post","link":"https:\/\/2horizontes.com\/?p=1595","title":{"rendered":"Expresidente \u00c1lvaro Uribe, dice R.D. tiene m\u00e9rito para crear una \u201cmarca pa\u00eds\u201d"},"content":{"rendered":"<div id=\"ArticleSourceDiv\" class=\"article-body-author\" style=\"margin-top: 0;\">\n<div id=\"attachment_1597\" style=\"width: 304px\" class=\"wp-caption alignleft\"><a href=\"http:\/\/2horizontes.com\/wp-content\/uploads\/2014\/07\/alvaro-uribe.jpeg\"><img loading=\"lazy\" decoding=\"async\" aria-describedby=\"caption-attachment-1597\" class=\"wp-image-1597 size-full\" src=\"http:\/\/2horizontes.com\/wp-content\/uploads\/2014\/07\/alvaro-uribe.jpeg\" alt=\"alvaro uribe\" width=\"294\" height=\"196\" \/><\/a><p id=\"caption-attachment-1597\" class=\"wp-caption-text\">Expositor. El expresdiente \u00c1lvaro Uribe expuso sobre el tema invitado por Centro de Exportaci\u00f3n e Inversi\u00f3n (CEI-RD).<\/p><\/div>\n<p><b>Lilian Tejeda. Santo Domingo.- <\/b>El expresidente de Colombia, \u00c1lvaro Uribe, consider\u00f3 que su imagen positiva y buena reputaci\u00f3n son fortalezas que permitir\u00edan a Rep\u00fablica Dominicana crear una marca pa\u00eds con facilidad.<\/p>\n<\/div>\n<div id=\"ArticleBody\" style=\"margin-top: 10px;\">\n<p>\u201cUstedes tienen una v\u00eda ganada, tienen una gran ventaja\u201d, expres\u00f3 Uribe al dictar la conferencia \u201cMarca pa\u00eds, experiencia colombiana\u201d, organizada por el Centro de Exportaci\u00f3n e Inversi\u00f3n (CEI-RD), donde habl\u00f3 sobre las acciones que tom\u00f3 su gobierno para crear un concepto atrayente, pero sobre todo convincente, de su naci\u00f3n ante el mundo.<\/p>\n<p>Consider\u00f3 que si Colombia lo logr\u00f3 pese a la desconfianza local e internacional que en ese entonces giraba a su alrededor, para Rep\u00fablica Dominicana ser\u00eda m\u00e1s f\u00e1cil alcanzar ese objetivo.<\/p>\n<p>Pero destac\u00f3 que de nada le vale a un pa\u00eds invertir en proyectos de mercadeo y comunicaci\u00f3n para destacar sus valores si lo que se ofrece no se corresponde con los sucesos diarios, pues eso generar\u00e1 desconfianza. Por ello lo fundamental es fomentar la credibilidad y eso se demuestra con hechos, indic\u00f3.<\/p>\n<p>\u201cNada ganamos con videos con la promoci\u00f3n de marca pa\u00eds si no tenemos unos hechos que den credibilidad\u201d, plante\u00f3 el exmandatario colombiano, quien gobern\u00f3 durante el per\u00edodo 2002-2010. Explic\u00f3 que para establecerse como marca pa\u00eds la estrategia de Colombia se fundament\u00f3 en ganarse la confianza de su gente y de los extranjeros, tras precisar que eso se logr\u00f3 sobre la base de la seguridad democr\u00e1tica, incentivos a la inversi\u00f3n y pol\u00edticas sociales.<\/p>\n<p>Fuente: List\u00edn Diario<\/p>\n<\/div>\n","protected":false},"excerpt":{"rendered":"<p>Lilian Tejeda. Santo Domingo.- El expresidente de Colombia, \u00c1lvaro Uribe, consider\u00f3 que su imagen positiva y buena reputaci\u00f3n son fortalezas que permitir\u00edan a Rep\u00fablica Dominicana crear una marca pa\u00eds con facilidad. \u201cUstedes tienen una v\u00eda ganada, tienen una gran ventaja\u201d, expres\u00f3 Uribe al dictar la conferencia \u201cMarca pa\u00eds, experiencia colombiana\u201d, organizada por el Centro de [&hellip;]<\/p>\n","protected":false},"author":1,"featured_media":0,"comment_status":"open","ping_status":"open","sticky":false,"template":"","format":"standard","meta":{"footnotes":""},"categories":[1],"tags":[],"class_list":["post-1595","post","type-post","status-publish","format-standard","hentry","category-entretenimiento"],"_links":{"self":[{"href":"https:\/\/2horizontes.com\/index.php?rest_route=\/wp\/v2\/posts\/1595","targetHints":{"allow":["GET"]}}],"collection":[{"href":"https:\/\/2horizontes.com\/index.php?rest_route=\/wp\/v2\/posts"}],"about":[{"href":"https:\/\/2horizontes.com\/index.php?rest_route=\/wp\/v2\/types\/post"}],"author":[{"embeddable":true,"href":"https:\/\/2horizontes.com\/index.php?rest_route=\/wp\/v2\/users\/1"}],"replies":[{"embeddable":true,"href":"https:\/\/2horizontes.com\/index.php?rest_route=%2Fwp%2Fv2%2Fcomments&post=1595"}],"version-history":[{"count":6,"href":"https:\/\/2horizontes.com\/index.php?rest_route=\/wp\/v2\/posts\/1595\/revisions"}],"predecessor-version":[{"id":1602,"href":"https:\/\/2horizontes.com\/index.php?rest_route=\/wp\/v2\/posts\/1595\/revisions\/1602"}],"wp:attachment":[{"href":"https:\/\/2horizontes.com\/index.php?rest_route=%2Fwp%2Fv2%2Fmedia&parent=1595"}],"wp:term":[{"taxonomy":"category","embeddable":true,"href":"https:\/\/2horizontes.com\/index.php?rest_route=%2Fwp%2Fv2%2Fcategories&post=1595"},{"taxonomy":"post_tag","embeddable":true,"href":"https:\/\/2horizontes.com\/index.php?rest_route=%2Fwp%2Fv2%2Ftags&post=1595"}],"curies":[{"name":"wp","href":"https:\/\/api.w.org\/{rel}","templated":true}]}}