{"id":15943,"date":"2015-07-10T12:59:58","date_gmt":"2015-07-10T11:59:58","guid":{"rendered":"http:\/\/2horizontes.com\/?p=15943"},"modified":"2015-07-10T12:59:58","modified_gmt":"2015-07-10T11:59:58","slug":"antonio-jose-ya-prepara-su-disco","status":"publish","type":"post","link":"https:\/\/2horizontes.com\/?p=15943","title":{"rendered":"Antonio Jos\u00e9 ya prepara su disco"},"content":{"rendered":"<p>Con s\u00f3lo 20 a\u00f1os, ser\u00e1 el tercer trabajo discogr\u00e1fico del cantante<\/p>\n<p>El ganador de la tercera edici\u00f3n de &#8216;La Voz&#8217;, \u00a1ya tiene nuevo disco! El cordob\u00e9s, de 20 a\u00f1os, comenz\u00f3 a grabar el que ser\u00e1 su tercer trabajo de estudio tan solo unos d\u00edas despu\u00e9s de alzarse con la victoria en la gran final del &#8216;talent-show&#8217;. Aunque por el momento no se sabe ni el contenido del \u00e1lbum ni su fecha de publicaci\u00f3n, s\u00ed han confirmado que tendr\u00e1 varios temas in\u00e9ditos. \u00a1Enhorabuena!<\/p>\n","protected":false},"excerpt":{"rendered":"<p>Con s\u00f3lo 20 a\u00f1os, ser\u00e1 el tercer trabajo discogr\u00e1fico del cantante El ganador de la tercera edici\u00f3n de &#8216;La Voz&#8217;, \u00a1ya tiene nuevo disco! El cordob\u00e9s, de 20 a\u00f1os, comenz\u00f3 a grabar el que ser\u00e1 su tercer trabajo de estudio tan solo unos d\u00edas despu\u00e9s de alzarse con la victoria en la gran final del [&hellip;]<\/p>\n","protected":false},"author":3,"featured_media":15944,"comment_status":"open","ping_status":"open","sticky":false,"template":"","format":"standard","meta":{"footnotes":""},"categories":[1],"tags":[],"class_list":["post-15943","post","type-post","status-publish","format-standard","has-post-thumbnail","hentry","category-entretenimiento"],"_links":{"self":[{"href":"https:\/\/2horizontes.com\/index.php?rest_route=\/wp\/v2\/posts\/15943","targetHints":{"allow":["GET"]}}],"collection":[{"href":"https:\/\/2horizontes.com\/index.php?rest_route=\/wp\/v2\/posts"}],"about":[{"href":"https:\/\/2horizontes.com\/index.php?rest_route=\/wp\/v2\/types\/post"}],"author":[{"embeddable":true,"href":"https:\/\/2horizontes.com\/index.php?rest_route=\/wp\/v2\/users\/3"}],"replies":[{"embeddable":true,"href":"https:\/\/2horizontes.com\/index.php?rest_route=%2Fwp%2Fv2%2Fcomments&post=15943"}],"version-history":[{"count":1,"href":"https:\/\/2horizontes.com\/index.php?rest_route=\/wp\/v2\/posts\/15943\/revisions"}],"predecessor-version":[{"id":15945,"href":"https:\/\/2horizontes.com\/index.php?rest_route=\/wp\/v2\/posts\/15943\/revisions\/15945"}],"wp:featuredmedia":[{"embeddable":true,"href":"https:\/\/2horizontes.com\/index.php?rest_route=\/wp\/v2\/media\/15944"}],"wp:attachment":[{"href":"https:\/\/2horizontes.com\/index.php?rest_route=%2Fwp%2Fv2%2Fmedia&parent=15943"}],"wp:term":[{"taxonomy":"category","embeddable":true,"href":"https:\/\/2horizontes.com\/index.php?rest_route=%2Fwp%2Fv2%2Fcategories&post=15943"},{"taxonomy":"post_tag","embeddable":true,"href":"https:\/\/2horizontes.com\/index.php?rest_route=%2Fwp%2Fv2%2Ftags&post=15943"}],"curies":[{"name":"wp","href":"https:\/\/api.w.org\/{rel}","templated":true}]}}