{"id":15926,"date":"2015-07-10T07:20:03","date_gmt":"2015-07-10T06:20:03","guid":{"rendered":"http:\/\/2horizontes.com\/?p=15926"},"modified":"2015-07-10T07:20:03","modified_gmt":"2015-07-10T06:20:03","slug":"criticas-a-evo-morales-por-el-crucifijo-comunista-que-regalo-a-francisco","status":"publish","type":"post","link":"https:\/\/2horizontes.com\/?p=15926","title":{"rendered":"Cr\u00edticas a Evo Morales por el \u00abcrucifijo comunista\u00bb que regal\u00f3 a Francisco"},"content":{"rendered":"<div id=\"ArticleAuthorDiv\" class=\"article-body-author\"><b>EFE<\/b><\/div>\n<div id=\"ArticleSourceDiv\" class=\"article-body-author\"><b>La Paz<\/b><\/div>\n<div id=\"ArticleBody\">\n<p>El crucifijo tallado sobre una hoz y un martillo que el presidente de Bolivia, Evo Morales, regal\u00f3 al papa Francisco provoc\u00f3 hoy cr\u00edticas de opositores que consideraron el obsequio como algo \u00abvergonzoso\u00bb que sorprendi\u00f3 al sumo pont\u00edfice.<\/p>\n<p>La \u00abcruz comunista\u00bb, como se la ha bautizado en varios medios, es una replica de una figura tallada por el sacerdote jesuita espa\u00f1ol Luis Espinal Camps, que fue torturado y asesinado por paramilitares en La Paz en 1980 por denunciar la violencia pol\u00edtica en el pa\u00eds.<\/p>\n<p>\u00abSolo en #Bolivia. Se regala un Cristo crucificado en una hoz y martillo, s\u00edmbolo del comunismo ateo! Vergonzoso!\u00bb, dijo en su cuenta de Twitter la exparlamentaria opositora Alejandra Prado.<\/p>\n<p>\u00abAl Cesar lo del Cesar y a Dios lo de Dios. No se puede poner a Cristo sobre la hoz y el martillo. Sorprendieron al #PapaFrancisco #Bolivia\u00bb, sostuvo de su parte, la exsenadora opositora Centa Reck \u00a0\u00a0\u00a0\u00a0\u00a0\u00a0\u00a0 \u00a0\u00a0\u00a0El diputado opositor Bernard Guti\u00e9rrez declar\u00f3 a Efe que el presidente \u00abMorales se ha equivocado\u00bb porque esa figura usada por Espinal tienen antecedentes muy particulares que se entienden en Bolivia, pero en el exterior solo puede generar sorpresa.<\/p>\n<p>\u00abCreo que ha generado una reacci\u00f3n adversa del papa. La expresi\u00f3n del papa (al recibir el regalo) lo dice todo y eso tambi\u00e9n est\u00e1 circulando por el mundo\u00bb, dijo el legislador Guti\u00e9rrez.<\/p>\n<p>Tras la difusi\u00f3n en el mundo de la fotograf\u00eda de Morales entregando la cruz sobre la hoz y el martillo a Francisco, las cr\u00edticas y el estupor se manifestaron en las redes sociales.<\/p>\n<p>\u00abEl culmen de la soberbia es manipular a Dios al servicio de ideolog\u00edas ateas&#8230; Hoy, una vez m\u00e1s: #CristoCrucificado\u00bb, dijo, tambi\u00e9n en Twitter el obispo de San Sebasti\u00e1n (Espa\u00f1a), Jos\u00e9 Ignacio Munilla, mostrando la fotograf\u00eda del regalo.<\/p>\n<p>El jesuita espa\u00f1ol Xabier Alb\u00f3, que comparti\u00f3 luchas con Espinal en Bolivia, escribi\u00f3 hace unos d\u00edas en la prensa sobre los tallados de madera que hacia el sacerdote sobre tem\u00e1ticas vinculadas a sus propias vivencias, adem\u00e1s de pol\u00edticas y sociales.<\/p>\n<p>Seg\u00fan Alb\u00f3, la cruz con Cristo, el martillo vertical y una hoz horizontal era para expresar \u00abel necesario pero huidizo di\u00e1logo cristiano marxista, con los obreros y campesinos\u00bb.<\/p>\n<p>\u00abEl que lo hiciera con el Cristo de sus votos muestra cu\u00e1n adentro (Espinal) sent\u00eda la urgencia de tal di\u00e1logo\u00bb, sostuvo Alb\u00f3.<\/p>\n<p>El papa Francisco se refiri\u00f3 ayer a Espinal Camps al detenerse para orar por \u00e9l a medio camino en una autopista entre las ciudades de El Alto y La Paz, en el lugar donde fue encontrado su cad\u00e1ver.<\/p>\n<p>Francisco dijo que Espinal fue \u00abv\u00edctima de intereses que no quer\u00edan que se luchara por la libertad de Bolivia\u00bb y que lo \u00abeliminaron\u00bb porque predic\u00f3 el Evangelio y eso molest\u00f3.<\/p>\n<p>Cuatro meses despu\u00e9s del asesinato del jesuita espa\u00f1ol se instaur\u00f3 en Bolivia la dictadura de Luis Garc\u00eda Meza (1980-1981), a cuyos colaboradores se les acusa de haber hecho desaparecer pruebas del homicidio y de haber protegido a los autores del crimen.<\/p>\n<\/div>\n","protected":false},"excerpt":{"rendered":"<p>EFE La Paz El crucifijo tallado sobre una hoz y un martillo que el presidente de Bolivia, Evo Morales, regal\u00f3 al papa Francisco provoc\u00f3 hoy cr\u00edticas de opositores que consideraron el obsequio como algo \u00abvergonzoso\u00bb que sorprendi\u00f3 al sumo pont\u00edfice. La \u00abcruz comunista\u00bb, como se la ha bautizado en varios medios, es una replica de [&hellip;]<\/p>\n","protected":false},"author":7,"featured_media":15927,"comment_status":"open","ping_status":"open","sticky":false,"template":"","format":"standard","meta":{"footnotes":""},"categories":[40,43],"tags":[],"class_list":["post-15926","post","type-post","status-publish","format-standard","has-post-thumbnail","hentry","category-internacionales","category-politica"],"_links":{"self":[{"href":"https:\/\/2horizontes.com\/index.php?rest_route=\/wp\/v2\/posts\/15926","targetHints":{"allow":["GET"]}}],"collection":[{"href":"https:\/\/2horizontes.com\/index.php?rest_route=\/wp\/v2\/posts"}],"about":[{"href":"https:\/\/2horizontes.com\/index.php?rest_route=\/wp\/v2\/types\/post"}],"author":[{"embeddable":true,"href":"https:\/\/2horizontes.com\/index.php?rest_route=\/wp\/v2\/users\/7"}],"replies":[{"embeddable":true,"href":"https:\/\/2horizontes.com\/index.php?rest_route=%2Fwp%2Fv2%2Fcomments&post=15926"}],"version-history":[{"count":1,"href":"https:\/\/2horizontes.com\/index.php?rest_route=\/wp\/v2\/posts\/15926\/revisions"}],"predecessor-version":[{"id":15928,"href":"https:\/\/2horizontes.com\/index.php?rest_route=\/wp\/v2\/posts\/15926\/revisions\/15928"}],"wp:featuredmedia":[{"embeddable":true,"href":"https:\/\/2horizontes.com\/index.php?rest_route=\/wp\/v2\/media\/15927"}],"wp:attachment":[{"href":"https:\/\/2horizontes.com\/index.php?rest_route=%2Fwp%2Fv2%2Fmedia&parent=15926"}],"wp:term":[{"taxonomy":"category","embeddable":true,"href":"https:\/\/2horizontes.com\/index.php?rest_route=%2Fwp%2Fv2%2Fcategories&post=15926"},{"taxonomy":"post_tag","embeddable":true,"href":"https:\/\/2horizontes.com\/index.php?rest_route=%2Fwp%2Fv2%2Ftags&post=15926"}],"curies":[{"name":"wp","href":"https:\/\/api.w.org\/{rel}","templated":true}]}}