{"id":15916,"date":"2015-07-10T07:05:32","date_gmt":"2015-07-10T06:05:32","guid":{"rendered":"http:\/\/2horizontes.com\/?p=15916"},"modified":"2015-07-10T07:05:32","modified_gmt":"2015-07-10T06:05:32","slug":"santos-dice-a-farc-que-tiempo-y-paciencia-del-proceso-se-han-vuelto-criticos","status":"publish","type":"post","link":"https:\/\/2horizontes.com\/?p=15916","title":{"rendered":"Santos dice a FARC que tiempo y paciencia del proceso se han vuelto cr\u00edticos"},"content":{"rendered":"<div id=\"ArticleAuthorDiv\" class=\"article-body-author\"><b>EFE<\/b><\/div>\n<div id=\"ArticleSourceDiv\" class=\"article-body-author\"><b>Bogot\u00e1<\/b><\/div>\n<div id=\"ArticleBody\">\n<p>El presidente de Colombia, Juan Manuel Santos, envi\u00f3 hoy una advertencia a las FARC, a quienes dijo que \u00abel tiempo y la paciencia \u00abson factores finitos\u00bb en el proceso de paz y que se \u00abhan vuelto cr\u00edticos\u00bb.<\/p>\n<p>\u00abEl tiempo y la paciencia de los colombianos y la m\u00eda son factores finitos. Tienen sus l\u00edmites y se han vuelto cr\u00edticos. El tiempo comenz\u00f3 a jugar en contra del proceso de paz\u00bb, se\u00f1al\u00f3 Santos en una ceremonia de transmisi\u00f3n de mando celebrada en la escuela militar Jos\u00e9 Mar\u00eda C\u00f3rdova de Bogot\u00e1.<\/p>\n<p>En este sentido, el mandatario subray\u00f3 que la gente \u00abentre m\u00e1s avanza el tiempo y menos avanza el proceso, menos cree en la posibilidad de lograr los acuerdos\u00bb.<\/p>\n<p>Los di\u00e1logos de paz, que se iniciaron en noviembre de 2012, pasan actualmente por su \u00abpeor momento\u00bb, seg\u00fan reconoci\u00f3 el jefe del equipo negociador del Gobierno, Humberto de la Calle, en una entrevista concedida el pasado domingo.<\/p>\n<p>A esa coyuntura se ha llegado tras una oleada de ofensivas de las FARC contra los miembros de las Fuerzas Armadas y de la Polic\u00eda, as\u00ed como contra la infraestructura petrolera, lo que ha causado graves da\u00f1os en el medioambiente.<\/p>\n<p>Todo ello ha generado en la sociedad colombiana un descenso del apoyo al proceso de paz que ha llegado a su nivel m\u00e1s bajo desde que se iniciaron los di\u00e1logos.<\/p>\n<p>Durante su discurso de hoy, Santos se\u00f1al\u00f3 que ya le han dicho a los interlocutores de las FARC que es necesario recuperar la confianza de la sociedad, algo que es \u00abfundamental\u00bb para que los di\u00e1logos lleguen a buen puerto.<\/p>\n<p>Para conseguirlo, el mandatario reclam\u00f3 \u00abhechos\u00bb y \u00abavances espec\u00edficos\u00bb.<\/p>\n<p>\u00abPor eso he dicho que el cese al fuego bilateral y definitivo, que est\u00e1 dentro de los acuerdos generales como objetivo, lo debemos negociar a la mayor brevedad posible\u00bb, apostill\u00f3 Santos.<\/p>\n<p>Ese alto el fuego por ambas partes ha sido una de las reivindicaciones que han hecho las FARC desde el inicio del proceso y ayer, tras anunciar que iniciar\u00e1n una tregua unilateral el pr\u00f3ximo 20 de julio, volvieron a solicitarlo.<\/p>\n<p>Sin embargo, Santos dijo que para llegar a ello tiene que \u00abverificarlo, tener todas las garant\u00edas, saber c\u00f3mo se administra y no es cosa f\u00e1cil\u00bb.<\/p>\n<p>\u00abEstamos dispuestos y queremos acelerar esa negociaci\u00f3n, esas conversaciones para tener listo ese cese al fuego bilateral y definitivo que es, al fin y al cabo, a lo que tenemos que llegar\u00bb, concluy\u00f3.<\/p>\n<p>Santos tambi\u00e9n explic\u00f3 que para llegar a ese alto el fuego hay \u00abotro ingrediente fundamental\u00bb, que es acelerar lo que queda de la negociaci\u00f3n, \u00absobre todo el punto mas importante que queda para que podamos concluir los acuerdos y ponerle fin al conflicto\u00bb, el referido a las v\u00edctimas.<\/p>\n<p>En este sentido, explic\u00f3 que falta por definir \u00abel derecho de las v\u00edctimas a la justicia\u00bb, lo que es una \u00abobligaci\u00f3n legal y pol\u00edtica porque estamos supeditados a los tratados que hemos firmado\u00bb.<\/p>\n<p>Este es uno de los puntos m\u00e1s espinosos de las negociaciones ya que las FARC han afirmado en varias ocasiones que no pagar\u00e1n \u00abni un d\u00eda\u00bb de c\u00e1rcel.<\/p>\n<p>Santos rechaz\u00f3 esa opci\u00f3n al afirmar que \u00abno puede haber ni va a haber esas amnist\u00edas generales que est\u00e1n pidiendo\u00bb y record\u00f3 que la Corte Interamericana de Derechos Humanos \u00abha tumbado todas las amnist\u00edas que se han decretado en el continente americano en el \u00faltimo siglo\u00bb.<\/p>\n<\/div>\n","protected":false},"excerpt":{"rendered":"<p>EFE Bogot\u00e1 El presidente de Colombia, Juan Manuel Santos, envi\u00f3 hoy una advertencia a las FARC, a quienes dijo que \u00abel tiempo y la paciencia \u00abson factores finitos\u00bb en el proceso de paz y que se \u00abhan vuelto cr\u00edticos\u00bb. \u00abEl tiempo y la paciencia de los colombianos y la m\u00eda son factores finitos. Tienen sus [&hellip;]<\/p>\n","protected":false},"author":7,"featured_media":15917,"comment_status":"open","ping_status":"open","sticky":false,"template":"","format":"standard","meta":{"footnotes":""},"categories":[50,40,43],"tags":[],"class_list":["post-15916","post","type-post","status-publish","format-standard","has-post-thumbnail","hentry","category-colombia","category-internacionales","category-politica"],"_links":{"self":[{"href":"https:\/\/2horizontes.com\/index.php?rest_route=\/wp\/v2\/posts\/15916","targetHints":{"allow":["GET"]}}],"collection":[{"href":"https:\/\/2horizontes.com\/index.php?rest_route=\/wp\/v2\/posts"}],"about":[{"href":"https:\/\/2horizontes.com\/index.php?rest_route=\/wp\/v2\/types\/post"}],"author":[{"embeddable":true,"href":"https:\/\/2horizontes.com\/index.php?rest_route=\/wp\/v2\/users\/7"}],"replies":[{"embeddable":true,"href":"https:\/\/2horizontes.com\/index.php?rest_route=%2Fwp%2Fv2%2Fcomments&post=15916"}],"version-history":[{"count":1,"href":"https:\/\/2horizontes.com\/index.php?rest_route=\/wp\/v2\/posts\/15916\/revisions"}],"predecessor-version":[{"id":15918,"href":"https:\/\/2horizontes.com\/index.php?rest_route=\/wp\/v2\/posts\/15916\/revisions\/15918"}],"wp:featuredmedia":[{"embeddable":true,"href":"https:\/\/2horizontes.com\/index.php?rest_route=\/wp\/v2\/media\/15917"}],"wp:attachment":[{"href":"https:\/\/2horizontes.com\/index.php?rest_route=%2Fwp%2Fv2%2Fmedia&parent=15916"}],"wp:term":[{"taxonomy":"category","embeddable":true,"href":"https:\/\/2horizontes.com\/index.php?rest_route=%2Fwp%2Fv2%2Fcategories&post=15916"},{"taxonomy":"post_tag","embeddable":true,"href":"https:\/\/2horizontes.com\/index.php?rest_route=%2Fwp%2Fv2%2Ftags&post=15916"}],"curies":[{"name":"wp","href":"https:\/\/api.w.org\/{rel}","templated":true}]}}