{"id":15913,"date":"2015-07-10T07:01:33","date_gmt":"2015-07-10T06:01:33","guid":{"rendered":"http:\/\/2horizontes.com\/?p=15913"},"modified":"2015-07-10T07:01:33","modified_gmt":"2015-07-10T06:01:33","slug":"ee-uu-se-aleja-de-puerto-rico-mientras-expertos-descartan-pronta-recuperacion","status":"publish","type":"post","link":"https:\/\/2horizontes.com\/?p=15913","title":{"rendered":"EE.UU. se aleja de Puerto Rico mientras expertos descartan pronta recuperaci\u00f3n"},"content":{"rendered":"<div id=\"ArticleAuthorDiv\" class=\"article-body-author\"><b>EFE<\/b><\/div>\n<div id=\"ArticleSourceDiv\" class=\"article-body-author\"><b>San Juan<\/b><\/div>\n<div id=\"ArticleBody\">\n<p>Mientras EE.UU. advierte a Puerto Rico que no va a tomar medidas legislativas inmediatas para facilitarle la declaraci\u00f3n de quiebra, los expertos calculan que la isla no volver\u00e1 a registrar crecimiento econ\u00f3mico hasta al menos el a\u00f1o 2020.<\/p>\n<p>Seg\u00fan el \u00faltimo n\u00famero de la publicaci\u00f3n especializada Puerto Rico Economic Pulse, elaborada por la consultora H.Calero, la ca\u00edda de la poblaci\u00f3n y la escasez de flujo de caja fiscal \u00ablimitar\u00e1n el crecimiento econ\u00f3mico en los pr\u00f3ximos a\u00f1os, rebotando de nuevo a territorio positivo para el a\u00f1o 2020\u00bb.<\/p>\n<p>En su informe, al que Efe tuvo acceso hoy, la consultora apunta que \u00abel debate p\u00fablico sobre los intentos del Gobierno de reformar el sistema impositivo y las noticias de que algunas agencias est\u00e1n en el borde de la insolvencia\u00bb podr\u00edan intensificar a\u00fan m\u00e1s la ola de migraci\u00f3n sufre la isla.<\/p>\n<p>La cuesti\u00f3n demogr\u00e1fica es clave para solucionar o agravar los problemas locales, seg\u00fan la consultora, que recuerda el caso de Detroit, que perdi\u00f3 a 271.000 personas entre los a\u00f1os 2000 y 2014.<\/p>\n<p>Seg\u00fan sus c\u00e1lculos, en Puerto Rico se seguir\u00e1 perdiendo una media del 2,3 % de la poblaci\u00f3n cada a\u00f1o, hasta al menos 2019, cuando el retroceso podr\u00eda contenerse hasta el 0,5 % anual.<\/p>\n<p>Ello contribuir\u00e1 a que el empleo no agr\u00edcola siga bajando hasta tocar fondo hacia 2020, cuando se habr\u00e1 contra\u00eddo un 15 % respecto de 2014. A partir de entonces y durante cinco a\u00f1os podr\u00eda empezar a crecer a una tasa anual del 1,8 %.<\/p>\n<p>\u00abAl mismo tiempo la tasa de participaci\u00f3n laboral seguir\u00e1 registrando progresivamente niveles hist\u00f3ricamente bajos\u00bb, a\u00f1ade, para luego recuperarse ligeramente y rondar el 39,6 % en 2024, un porcentaje en cualquier caso baj\u00edsimo en comparaci\u00f3n con otros estados de EE.UU. y con el cerca del 50 % local de 2006.<\/p>\n<p>La contracci\u00f3n de la poblaci\u00f3n tambi\u00e9n ha dado lugar a un estancamiento en los ingresos personales. De hecho, \u00absi no fuera por el aumento de las transferencias federales, el ingreso real habr\u00eda disminuido\u00bb, a\u00f1aden los economistas.<\/p>\n<p>Tambi\u00e9n ha llevado a una ca\u00edda en el n\u00famero de contribuyentes a Hacienda, lo que a su vez ha contribuido, junto a cambios en el sistema tributario, a que los ingresos caigan cerca del 6,8 % entre 2005 y 2014, una vez calculado el efecto de la inflaci\u00f3n.<\/p>\n<p>Otra consecuencia de la ca\u00edda de la poblaci\u00f3n se encuentra en el mercado inmobiliario, que lleva desde 2007 viendo caer los precios y, seg\u00fan la consultora, \u00abdurante la pr\u00f3xima d\u00e9cada no se va a ver un cambio significativo\u00bb en este sentido, con una tasa de retroceso anual del 6 %.<\/p>\n<p>Seg\u00fan la consultora la duraci\u00f3n del actual ciclo econ\u00f3mico de recesi\u00f3n depender\u00e1 en gran medida de que se alcance un \u00abconsenso con los acreedores, as\u00ed como del alcance y nivel de reducci\u00f3n del tama\u00f1o del Gobierno\u00bb.<\/p>\n<p>\u00abNo alcanzar un equilibrio adecuado en esta ocasi\u00f3n aumentar\u00e1 a\u00fan m\u00e1s la oleada migratoria\u00bb, aseguran los economistas y apuntan a que en los pr\u00f3ximos meses va a ser necesaria una alta dosis de \u00abcreatividad y coraje\u00bb por parte de los gobernantes.<\/p>\n<p>Este complicado panorama, as\u00ed como la escasez de liquidez y la presi\u00f3n que supone el pago de la deuda, ser\u00e1 expuesto el pr\u00f3ximo lunes a los acreedores de Puerto Rico por parte del Gobierno local y sus asesores en una reuni\u00f3n en la sede de Citigroup, en Manhattan.<\/p>\n<p>Seg\u00fan confirm\u00f3 hoy el Gobierno, ser\u00e1 la primera reuni\u00f3n que el Ejecutivo planea mantener con ellos para tratar de renegociar la devoluci\u00f3n de la deuda de m\u00e1s de 72.000 millones de d\u00f3lares que acumula Puerto Rico.<\/p>\n<p>El l\u00edder de la oposici\u00f3n y representante de Puerto Rico en Washington, Pedro Pierluisi, insisti\u00f3 hoy en reclamar al Congreso \u00ablas mismas herramientas que tienen los estados para ajustar las deudas de sus entidades p\u00fablicas bajo el Cap\u00edtulo 9 de la Ley de Quiebras federal, as\u00ed como los mismos derechos que tienen nuestros conciudadanos en los estados en los programas federales\u00bb.<\/p>\n<p>Sin embargo, el congresista republicano Tom Marino dijo en un comunicado que \u00abPuerto Rico debe tomar medidas serias, oportunas y demostrables para enderezar su deriva fiscal antes de que algo se mueva legislativamente\u00bb y aclar\u00f3 que no se estudia ni un rescate ni una inclusi\u00f3n de los municipios puertorrique\u00f1os en el Cap\u00edtulo 9 de la Ley de Quiebras.<\/p>\n<p>\u00abVamos a continuar nuestro examen diligente de la inclusi\u00f3n de Puerto Rico en el Cap\u00edtulo 9, incluido el potencial impacto econ\u00f3mico sobre los bonistas de EE.UU., as\u00ed como en el mercado de bonos municipales\u00bb, a\u00f1adi\u00f3.<\/p>\n<p>En ese sentido, advirti\u00f3 que, igual que \u00ablos problemas de Puerto Rico no aparecieron de la noche a la ma\u00f1ana, la soluci\u00f3n de EE.UU. tampoco lo har\u00e1\u00bb.<\/p>\n<p>Su colega Bob Goodlatte a\u00f1adi\u00f3 en otro escrito que la inclusi\u00f3n de los municipios no solucionar\u00eda los problemas de la isla, que \u00abest\u00e1n ligados cuestiones subyacentes y estructurales\u00bb que \u00abdebe ser afrontados\u00bb antes de \u00abcualquier posible respuesta del Congreso\u00bb.<\/p>\n<\/div>\n","protected":false},"excerpt":{"rendered":"<p>EFE San Juan Mientras EE.UU. advierte a Puerto Rico que no va a tomar medidas legislativas inmediatas para facilitarle la declaraci\u00f3n de quiebra, los expertos calculan que la isla no volver\u00e1 a registrar crecimiento econ\u00f3mico hasta al menos el a\u00f1o 2020. Seg\u00fan el \u00faltimo n\u00famero de la publicaci\u00f3n especializada Puerto Rico Economic Pulse, elaborada por [&hellip;]<\/p>\n","protected":false},"author":7,"featured_media":15914,"comment_status":"open","ping_status":"open","sticky":false,"template":"","format":"standard","meta":{"footnotes":""},"categories":[63,40,43],"tags":[],"class_list":["post-15913","post","type-post","status-publish","format-standard","has-post-thumbnail","hentry","category-economia","category-internacionales","category-politica"],"_links":{"self":[{"href":"https:\/\/2horizontes.com\/index.php?rest_route=\/wp\/v2\/posts\/15913","targetHints":{"allow":["GET"]}}],"collection":[{"href":"https:\/\/2horizontes.com\/index.php?rest_route=\/wp\/v2\/posts"}],"about":[{"href":"https:\/\/2horizontes.com\/index.php?rest_route=\/wp\/v2\/types\/post"}],"author":[{"embeddable":true,"href":"https:\/\/2horizontes.com\/index.php?rest_route=\/wp\/v2\/users\/7"}],"replies":[{"embeddable":true,"href":"https:\/\/2horizontes.com\/index.php?rest_route=%2Fwp%2Fv2%2Fcomments&post=15913"}],"version-history":[{"count":1,"href":"https:\/\/2horizontes.com\/index.php?rest_route=\/wp\/v2\/posts\/15913\/revisions"}],"predecessor-version":[{"id":15915,"href":"https:\/\/2horizontes.com\/index.php?rest_route=\/wp\/v2\/posts\/15913\/revisions\/15915"}],"wp:featuredmedia":[{"embeddable":true,"href":"https:\/\/2horizontes.com\/index.php?rest_route=\/wp\/v2\/media\/15914"}],"wp:attachment":[{"href":"https:\/\/2horizontes.com\/index.php?rest_route=%2Fwp%2Fv2%2Fmedia&parent=15913"}],"wp:term":[{"taxonomy":"category","embeddable":true,"href":"https:\/\/2horizontes.com\/index.php?rest_route=%2Fwp%2Fv2%2Fcategories&post=15913"},{"taxonomy":"post_tag","embeddable":true,"href":"https:\/\/2horizontes.com\/index.php?rest_route=%2Fwp%2Fv2%2Ftags&post=15913"}],"curies":[{"name":"wp","href":"https:\/\/api.w.org\/{rel}","templated":true}]}}