{"id":15859,"date":"2015-07-09T22:54:40","date_gmt":"2015-07-09T21:54:40","guid":{"rendered":"http:\/\/2horizontes.com\/?p=15859"},"modified":"2015-07-09T22:54:40","modified_gmt":"2015-07-09T21:54:40","slug":"reforma-policial-contempla-la-profesionalizacion-de-los-agentes-en-rd","status":"publish","type":"post","link":"https:\/\/2horizontes.com\/?p=15859","title":{"rendered":"Reforma policial contempla la profesionalizaci\u00f3n de los agentes en RD"},"content":{"rendered":"<div id=\"ArticleBody\">\n<p>RD-SANTO DOMINGO-El Primer Foro Internacional para la Reforma Policial lleg\u00f3 a la conclusi\u00f3n de que es necesaria la profesionalizaci\u00f3n de los agentes policiales, lo que permitir\u00e1 a la instituci\u00f3n tener un personal m\u00e1s capacitado y eficiente en el desarrollo de sus funciones.<\/p>\n<p>El evento, que concluy\u00f3 la ma\u00f1ana de hoy, buscaba identificar los puntos que deben ser modificados para fortalecer la Polic\u00eda Nacional y el mejoramiento de la seguridad ciudadana en el pa\u00eds.<\/p>\n<p>A lo largo de los tres d\u00edas en los que se desarroll\u00f3 el foro, comunicadores sociales, acad\u00e9micos, organizaciones de la sociedad civil, as\u00ed como expertos en seguridad ciudadana y reforma policial expusieron sus preocupaciones e identificaron los problemas centrales que impiden el avance de la instituci\u00f3n.<\/p>\n<p>En el evento se reconoci\u00f3 que la instituci\u00f3n del orden surgi\u00f3 en un r\u00e9gimen de fuerza, lo cual la configur\u00f3 como instituci\u00f3n represiva, jerarquizada y militarizada, esto marc\u00f3 su imagen institucional y la desconfianza de la sociedad.<\/p>\n<p>Servio Tulio Casta\u00f1os, vicepresidente de la Fundaci\u00f3n Institucionalidad y Justicia (FINJUS), dijo que la adopci\u00f3n de una nueva ley org\u00e1nica, as\u00ed como emprender una transformaci\u00f3n cultural en diferentes \u00f3rdenes, desde la revisi\u00f3n de la doctrina\u00a0 policial hasta la puesta en funcionamiento de nuevos protocolos para la acci\u00f3n policial, acordes con la misi\u00f3n moderna que le asigna el art\u00edculo 255 de la Constituci\u00f3n, son solo algunos de los puntos que fueron identificados para el logro de una reforma policial efectiva.<\/p>\n<p>Tras las participaciones se deriv\u00f3 un conjunto de iniciativas que son necesarias para una correcta reforma entre las que se encuentran: la dignificaci\u00f3n policial, que plantea el aumento del salario policial y el mejoramiento de la seguridad social.<\/p>\n<p>Se propuso adem\u00e1s, el fortalecimiento policial, en este punto el ingreso a la institucional del orden deber\u00e1 ser por concurso, otra iniciativa fue fortalecer la transparencia y la rendici\u00f3n.<\/p>\n<p>En el foro tambi\u00e9n se sugiri\u00f3 la eliminaci\u00f3n de asignaciones de agentes a servicios particulares, enfoques en Derechos Humanos, desmilitarizar la gesti\u00f3n policial, entre otros puntos.<\/p>\n<p>La s\u00edntesis de los elementos que surgieron durante el Primer Foro Internacional para la Reforma Policial ser\u00e1 entregada tanto a los legisladores p\u00fablicos, como a los hacederos de pol\u00edticas p\u00fablicas en materia de seguridad ciudadana, de forma que sirvan para enriquecer la iniciativa de Ley Org\u00e1nica de la Polic\u00eda Nacional que se conoce en el Congreso Nacional.<\/p>\n<p>FUENTE: LISTIN DIARIO<\/p>\n<\/div>\n<div><\/div>\n<p>&nbsp;<\/p>\n","protected":false},"excerpt":{"rendered":"<p>RD-SANTO DOMINGO-El Primer Foro Internacional para la Reforma Policial lleg\u00f3 a la conclusi\u00f3n de que es necesaria la profesionalizaci\u00f3n de los agentes policiales, lo que permitir\u00e1 a la instituci\u00f3n tener un personal m\u00e1s capacitado y eficiente en el desarrollo de sus funciones. El evento, que concluy\u00f3 la ma\u00f1ana de hoy, buscaba identificar los puntos que [&hellip;]<\/p>\n","protected":false},"author":8,"featured_media":15861,"comment_status":"open","ping_status":"open","sticky":false,"template":"","format":"standard","meta":{"footnotes":""},"categories":[44],"tags":[],"class_list":["post-15859","post","type-post","status-publish","format-standard","has-post-thumbnail","hentry","category-republica-dominicana"],"_links":{"self":[{"href":"https:\/\/2horizontes.com\/index.php?rest_route=\/wp\/v2\/posts\/15859","targetHints":{"allow":["GET"]}}],"collection":[{"href":"https:\/\/2horizontes.com\/index.php?rest_route=\/wp\/v2\/posts"}],"about":[{"href":"https:\/\/2horizontes.com\/index.php?rest_route=\/wp\/v2\/types\/post"}],"author":[{"embeddable":true,"href":"https:\/\/2horizontes.com\/index.php?rest_route=\/wp\/v2\/users\/8"}],"replies":[{"embeddable":true,"href":"https:\/\/2horizontes.com\/index.php?rest_route=%2Fwp%2Fv2%2Fcomments&post=15859"}],"version-history":[{"count":1,"href":"https:\/\/2horizontes.com\/index.php?rest_route=\/wp\/v2\/posts\/15859\/revisions"}],"predecessor-version":[{"id":15864,"href":"https:\/\/2horizontes.com\/index.php?rest_route=\/wp\/v2\/posts\/15859\/revisions\/15864"}],"wp:featuredmedia":[{"embeddable":true,"href":"https:\/\/2horizontes.com\/index.php?rest_route=\/wp\/v2\/media\/15861"}],"wp:attachment":[{"href":"https:\/\/2horizontes.com\/index.php?rest_route=%2Fwp%2Fv2%2Fmedia&parent=15859"}],"wp:term":[{"taxonomy":"category","embeddable":true,"href":"https:\/\/2horizontes.com\/index.php?rest_route=%2Fwp%2Fv2%2Fcategories&post=15859"},{"taxonomy":"post_tag","embeddable":true,"href":"https:\/\/2horizontes.com\/index.php?rest_route=%2Fwp%2Fv2%2Ftags&post=15859"}],"curies":[{"name":"wp","href":"https:\/\/api.w.org\/{rel}","templated":true}]}}