{"id":1580,"date":"2014-06-30T17:54:31","date_gmt":"2014-06-30T17:54:31","guid":{"rendered":"http:\/\/2horizontes.com\/?p=1580"},"modified":"2014-06-30T18:11:17","modified_gmt":"2014-06-30T18:11:17","slug":"humala-apunta-que-america-latina-no-ha-registrado-aun-su-decada-de-oro","status":"publish","type":"post","link":"https:\/\/2horizontes.com\/?p=1580","title":{"rendered":"Humala apunta que Am\u00e9rica Latina no ha registrado a\u00fan su \u00abd\u00e9cada de oro\u00bb"},"content":{"rendered":"<p><strong><a href=\"http:\/\/2horizontes.com\/wp-content\/uploads\/2014\/06\/HUMALA.jpg\"><img loading=\"lazy\" decoding=\"async\" class=\"alignleft size-medium wp-image-1582\" src=\"http:\/\/2horizontes.com\/wp-content\/uploads\/2014\/06\/HUMALA-300x200.jpg\" alt=\"HUMALA\" width=\"300\" height=\"200\" srcset=\"https:\/\/2horizontes.com\/wp-content\/uploads\/2014\/06\/HUMALA-300x200.jpg 300w, https:\/\/2horizontes.com\/wp-content\/uploads\/2014\/06\/HUMALA.jpg 348w\" sizes=\"auto, (max-width: 300px) 100vw, 300px\" \/><\/a>EFE. Par\u00eds.-\u00a0 <\/strong>El presidente de Per\u00fa, Ollanta Humala, asegur\u00f3 hoy que la \u00abd\u00e9cada de oro\u00bb de Am\u00e9rica Latina todav\u00eda est\u00e1 por llegar, y que para alcanzarla es necesario invertir en infraestructuras y en un desarrollo m\u00e1s inclusivo y sostenible.<\/p>\n<p>\u00abLo que ha habido (hasta ahora) han sido buenos a\u00f1os de precios en las materias primas, pero si no hay industrializaci\u00f3n, si no hay diversificaci\u00f3n productiva y Estados modernos, no habr\u00e1 \u00e9poca de oro\u00bb, dijo en la clausura en Par\u00eds de la sexta edici\u00f3n del Foro Econ\u00f3mico Internacional Am\u00e9rica Latina y el Caribe.<\/p>\n<p>Ese encuentro, de un d\u00eda, cuestion\u00f3 las bases y expectativas del crecimiento registrado en los a\u00f1os 2000 y el modelo por el que se debe apostar ante la actual desaceleraci\u00f3n, que hace que se espere para este a\u00f1o un incremento del PIB de entre el 2 y el 2,5 por ciento, la mitad de lo anotado en tiempos de bonanza.<\/p>\n<p>Humala defendi\u00f3 que es importante velar por una pol\u00edtica \u00abque permita mantener un crecimiento sostenido en los a\u00f1os venideros\u00bb, as\u00ed como avanzar hacia \u00abun Estado m\u00e1s moderno y presente en todo el territorio\u00bb, contar con la participaci\u00f3n del sector privado y facilitar la incorporaci\u00f3n de la ciudadan\u00eda al mercado de trabajo.<\/p>\n<p>\u00abLo que se viene hoy d\u00eda es un gran reto para Am\u00e9rica Latina. Latinoam\u00e9rica tiene un gran potencial y ese potencial hace que se vincule m\u00e1s no solo con Europa sino con el foro Asia Pac\u00edfico\u00bb, destac\u00f3 el presidente, que inici\u00f3 ayer en Par\u00eds una visita de trabajo de tres d\u00edas.<\/p>\n<p>Humala apunt\u00f3 que \u00abuno de los grandes problemas\u00bb de la regi\u00f3n de cara a su ingreso en los mercados \u00abno son las barreras arancelarias, sino la calidad del producto\u00bb, lo que obliga, en su opini\u00f3n, a invertir en ciencia, tecnolog\u00eda y capacitaci\u00f3n.<\/p>\n<p>Hizo menci\u00f3n adem\u00e1s a las desigualdades sociales: \u00abLatinoam\u00e9rica viene de un pasado com\u00fan en que los Estados republicanos que trascendieron a los coloniales fueron mal estructurados y acostumbrados a servir a un 30 % de su poblaci\u00f3n, porque no exist\u00eda el concepto de ciudadan\u00eda. Hoy no se puede invisibilizar a esa parte\u00bb.<\/p>\n<p>Humala subray\u00f3 igualmente su voluntad de que \u00abm\u00e1s peruanos empujen el coche del desarrollo\u00bb, vio como otro de los grandes desaf\u00edos la disminuci\u00f3n de esas desigualdades, y reiter\u00f3 la voluntad de su pa\u00eds de incorporarse a la Organizaci\u00f3n para la Cooperaci\u00f3n y el Desarrollo Econ\u00f3mico (OCDE).<\/p>\n<p>Su agenda de hoy, que se inici\u00f3 con un encuentro con la mayor patronal del pa\u00eds, MEDEF, incluye participar en la inauguraci\u00f3n de un seminario organizado por la Fundaci\u00f3n de la Uni\u00f3n Europea \u00abAm\u00e9rica Latina y Caribe\u00bb y por la OCDE sobre las nuevas estrategias cooperativas de desarrollo en la regi\u00f3n.<\/p>\n<p>El programa de la visita, de car\u00e1cter eminentemente econ\u00f3mico, se cerrar\u00e1 ma\u00f1ana con una reuni\u00f3n en el El\u00edseo con el presidente franc\u00e9s, Fran\u00e7ois Hollande, con quien est\u00e1 previsto que aborde el fortalecimiento de las relaciones bilaterales.<\/p>\n","protected":false},"excerpt":{"rendered":"<p>EFE. Par\u00eds.-\u00a0 El presidente de Per\u00fa, Ollanta Humala, asegur\u00f3 hoy que la \u00abd\u00e9cada de oro\u00bb de Am\u00e9rica Latina todav\u00eda est\u00e1 por llegar, y que para alcanzarla es necesario invertir en infraestructuras y en un desarrollo m\u00e1s inclusivo y sostenible. \u00abLo que ha habido (hasta ahora) han sido buenos a\u00f1os de precios en las materias primas, [&hellip;]<\/p>\n","protected":false},"author":1,"featured_media":0,"comment_status":"open","ping_status":"open","sticky":false,"template":"","format":"standard","meta":{"footnotes":""},"categories":[1],"tags":[],"class_list":["post-1580","post","type-post","status-publish","format-standard","hentry","category-entretenimiento"],"_links":{"self":[{"href":"https:\/\/2horizontes.com\/index.php?rest_route=\/wp\/v2\/posts\/1580","targetHints":{"allow":["GET"]}}],"collection":[{"href":"https:\/\/2horizontes.com\/index.php?rest_route=\/wp\/v2\/posts"}],"about":[{"href":"https:\/\/2horizontes.com\/index.php?rest_route=\/wp\/v2\/types\/post"}],"author":[{"embeddable":true,"href":"https:\/\/2horizontes.com\/index.php?rest_route=\/wp\/v2\/users\/1"}],"replies":[{"embeddable":true,"href":"https:\/\/2horizontes.com\/index.php?rest_route=%2Fwp%2Fv2%2Fcomments&post=1580"}],"version-history":[{"count":3,"href":"https:\/\/2horizontes.com\/index.php?rest_route=\/wp\/v2\/posts\/1580\/revisions"}],"predecessor-version":[{"id":1584,"href":"https:\/\/2horizontes.com\/index.php?rest_route=\/wp\/v2\/posts\/1580\/revisions\/1584"}],"wp:attachment":[{"href":"https:\/\/2horizontes.com\/index.php?rest_route=%2Fwp%2Fv2%2Fmedia&parent=1580"}],"wp:term":[{"taxonomy":"category","embeddable":true,"href":"https:\/\/2horizontes.com\/index.php?rest_route=%2Fwp%2Fv2%2Fcategories&post=1580"},{"taxonomy":"post_tag","embeddable":true,"href":"https:\/\/2horizontes.com\/index.php?rest_route=%2Fwp%2Fv2%2Ftags&post=1580"}],"curies":[{"name":"wp","href":"https:\/\/api.w.org\/{rel}","templated":true}]}}