{"id":15742,"date":"2015-07-09T10:09:08","date_gmt":"2015-07-09T09:09:08","guid":{"rendered":"http:\/\/2horizontes.com\/?p=15742"},"modified":"2015-07-09T10:09:08","modified_gmt":"2015-07-09T09:09:08","slug":"oea-enviara-mision-a-rd-y-haiti-esta-semana-ante-crisis-migratoria","status":"publish","type":"post","link":"https:\/\/2horizontes.com\/?p=15742","title":{"rendered":"OEA enviar\u00e1 misi\u00f3n a RD y Hait\u00ed esta semana ante crisis migratoria"},"content":{"rendered":"<div id=\"ArticleAuthorDiv\" class=\"article-body-author\"><b>EFE<\/b><\/div>\n<div id=\"ArticleSourceDiv\" class=\"article-body-author\"><b>Washington<\/b><\/div>\n<div id=\"ArticleBody\">\n<p>La Organizaci\u00f3n de Estados Americanos (OEA) enviar\u00e1 entre los d\u00edas 10 y 14 de julio una misi\u00f3n a Rep\u00fablica Dominicana y a Hait\u00ed ante la crisis migratoria entre estas dos naciones vecinas, informaron hoy a Efe fuentes del organismo.<\/p>\n<p>La delegaci\u00f3n de la OEA estar\u00e1 encabezada por el secretario de Asuntos Pol\u00edticos de la OEA, Francisco Guerrero, al que acompa\u00f1ar\u00e1 Gabriel Bidegain, asesor del secretario general, Luis Almagro.<\/p>\n<p>La misi\u00f3n, anunciada por Almagro en un Consejo Permanente especial la semana pasada, comienza este viernes en Santo Domingo y termina el martes en Puerto Pr\u00edncipe.<\/p>\n<p>\u00abEl objetivo es valorar sobre el terreno la situaci\u00f3n migratoria de la poblaci\u00f3n haitiana para facilitar una soluci\u00f3n duradera que regularice el estatus de los inmigrantes, porque no podemos olvidar que los inmigrantes, m\u00e1s all\u00e1 de su situaci\u00f3n legal, tienen los mismos derechos que todas las personas\u00bb, dijo hoy Almagro en el segundo Consejo Permanente especial de la OEA sobre la crisis entre Hait\u00ed y Rep\u00fablica Dominicana.<\/p>\n<p>La semana pasada, el ministro de Exteriores de la Rep\u00fablica Dominicana, Andr\u00e9s Navarro, defendi\u00f3 ante la OEA que \u00abel n\u00famero de casos de ap\u00e1tridas\u00bb derivados de la pol\u00edtica migratoria de su pa\u00eds \u00abes cero\u00bb.<\/p>\n<p>Hoy, su hom\u00f3logo haitiano, Lener Renauld, pidi\u00f3 ante el Consejo Permanente de la OEA la intervenci\u00f3n internacional en esta crisis para evitar una \u00abcat\u00e1strofe humanitaria\u00bb que podr\u00eda constituir una \u00abamenaza para la seguridad nacional\u00bb y desestabilizar el pa\u00eds en a\u00f1o electoral.<\/p>\n<p>\u00abSolicitamos la intervenci\u00f3n solidaria de todos los amigos de la comunidad internacional, el Caricom (la Comunidad del Caribe, a la que pertenece Hait\u00ed pero no su vecino), la ONU y la OEA para hacer que la Rep\u00fablica Dominicana entre en raz\u00f3n y de un trato m\u00e1s humano a los inmigrantes haitianos\u00bb, afirm\u00f3 el canciller.<\/p>\n<p>Renauld subray\u00f3 la disposici\u00f3n de su Gobierno al di\u00e1logo con Rep\u00fablica Dominicana para encontrar una soluci\u00f3n a esta crisis y evitar \u00ablas deportaciones masivas que dividir\u00edan familias nucleares\u00bb.<\/p>\n<p>El pasado 17 de junio termin\u00f3 en Rep\u00fablica Dominicana el plazo de inscripci\u00f3n al Plan Nacional de Regularizaci\u00f3n de Extranjeros, al que se acogieron unos 288.000 extranjeros, una cifra que se suma a las otras 8.755 personas que se adhirieron a una ley de naturalizaci\u00f3n, concluida meses antes.<\/p>\n<p>El Plan Nacional de Regularizaci\u00f3n de Extranjeros surgi\u00f3 como parte de las medidas tomadas por el Gobierno para hacer cumplir la sentencia 168-13 del Tribunal Constitucional (TC), que establece los par\u00e1metros para obtener la nacionalidad dominicana.<\/p>\n<p>Esa disposici\u00f3n estipula que no son dominicanos los hijos de inmigrantes indocumentados a pesar de haber nacido en el pa\u00eds, ni tampoco los descendientes de extranjeros \u00aben tr\u00e1nsito\u00bb en la naci\u00f3n.<\/p>\n<p>Esta decisi\u00f3n afect\u00f3 principalmente a miles de haitianos indocumentados residentes desde hace a\u00f1os en territorio dominicano.<\/p>\n<p>Hait\u00ed y entidades no gubernamentales como Amnist\u00eda Internacional y Human Rights Watch han acusado a Rep\u00fablica Dominicana de convertir en ap\u00e1tridas a miles de haitianos con el nuevo plan migratorio.<\/p>\n<p>El Gobierno dominicano ha rechazado esas acusaciones y ha se\u00f1alado que Hait\u00ed no otorg\u00f3 los documentos de identidad a miles de sus ciudadanos cuando tuvo toda la oportunidad de hacerlo.<\/p>\n<p>Seg\u00fan la informaci\u00f3n oficial, un total de 36.593 indocumentados han abandonado voluntariamente Rep\u00fablica Dominicana desde el pasado 18 de junio, un d\u00eda despu\u00e9s de que venciera el plazo de inscripci\u00f3n en el Plan Nacional de Regularizaci\u00f3n de Extranjeros.<\/p>\n<\/div>\n","protected":false},"excerpt":{"rendered":"<p>EFE Washington La Organizaci\u00f3n de Estados Americanos (OEA) enviar\u00e1 entre los d\u00edas 10 y 14 de julio una misi\u00f3n a Rep\u00fablica Dominicana y a Hait\u00ed ante la crisis migratoria entre estas dos naciones vecinas, informaron hoy a Efe fuentes del organismo. La delegaci\u00f3n de la OEA estar\u00e1 encabezada por el secretario de Asuntos Pol\u00edticos de [&hellip;]<\/p>\n","protected":false},"author":7,"featured_media":15744,"comment_status":"open","ping_status":"open","sticky":false,"template":"","format":"standard","meta":{"footnotes":""},"categories":[54,47,40,43],"tags":[],"class_list":["post-15742","post","type-post","status-publish","format-standard","has-post-thumbnail","hentry","category-emigrantes","category-haiti","category-internacionales","category-politica"],"_links":{"self":[{"href":"https:\/\/2horizontes.com\/index.php?rest_route=\/wp\/v2\/posts\/15742","targetHints":{"allow":["GET"]}}],"collection":[{"href":"https:\/\/2horizontes.com\/index.php?rest_route=\/wp\/v2\/posts"}],"about":[{"href":"https:\/\/2horizontes.com\/index.php?rest_route=\/wp\/v2\/types\/post"}],"author":[{"embeddable":true,"href":"https:\/\/2horizontes.com\/index.php?rest_route=\/wp\/v2\/users\/7"}],"replies":[{"embeddable":true,"href":"https:\/\/2horizontes.com\/index.php?rest_route=%2Fwp%2Fv2%2Fcomments&post=15742"}],"version-history":[{"count":1,"href":"https:\/\/2horizontes.com\/index.php?rest_route=\/wp\/v2\/posts\/15742\/revisions"}],"predecessor-version":[{"id":15746,"href":"https:\/\/2horizontes.com\/index.php?rest_route=\/wp\/v2\/posts\/15742\/revisions\/15746"}],"wp:featuredmedia":[{"embeddable":true,"href":"https:\/\/2horizontes.com\/index.php?rest_route=\/wp\/v2\/media\/15744"}],"wp:attachment":[{"href":"https:\/\/2horizontes.com\/index.php?rest_route=%2Fwp%2Fv2%2Fmedia&parent=15742"}],"wp:term":[{"taxonomy":"category","embeddable":true,"href":"https:\/\/2horizontes.com\/index.php?rest_route=%2Fwp%2Fv2%2Fcategories&post=15742"},{"taxonomy":"post_tag","embeddable":true,"href":"https:\/\/2horizontes.com\/index.php?rest_route=%2Fwp%2Fv2%2Ftags&post=15742"}],"curies":[{"name":"wp","href":"https:\/\/api.w.org\/{rel}","templated":true}]}}