{"id":15739,"date":"2015-07-09T10:00:05","date_gmt":"2015-07-09T09:00:05","guid":{"rendered":"http:\/\/2horizontes.com\/?p=15739"},"modified":"2015-07-09T10:04:10","modified_gmt":"2015-07-09T09:04:10","slug":"ee-uu-expresa-al-gobierno-de-cuba-inquietud-por-la-detencion-de-opositores","status":"publish","type":"post","link":"https:\/\/2horizontes.com\/?p=15739","title":{"rendered":"EE.UU. expresa al Gobierno de Cuba inquietud por la detenci\u00f3n de opositores"},"content":{"rendered":"<div class=\"field field-name-body field-type-text-with-summary field-label-hidden\">\n<div class=\"field-items\">\n<div class=\"field-item even\">\n<p>EFE<\/p>\n<p>Washington<\/p>\n<p>El Gobierno estadounidense asegur\u00f3 hoy que ha expresado al Ejecutivo de Cuba su preocupaci\u00f3n por la detenci\u00f3n de unos cien activistas pac\u00edficos en la isla el pasado domingo y reiter\u00f3 su compromiso con el proceso de normalizaci\u00f3n de las relaciones diplom\u00e1ticas a pesar de las diferencias.<\/p>\n<p>El Departamento de Estado de EE.UU. ya hab\u00eda denunciado este martes el arresto de casi cien \u00abactivistas pac\u00edficos\u00bb este domingo en Cuba y las agresiones al opositor Antonio Gonz\u00e1lez Rodiles, y hoy precis\u00f3 que ha comunicado esa inquietud al Gobierno cubano.<\/p>\n<p>\u00abHemos comunicado ciertamente este tema a los cubanos\u00bb, dijo el portavoz adjunto del Departamento de Estado, Mark Toner, aunque no especific\u00f3 qu\u00e9 diplom\u00e1tico estadounidense se encarg\u00f3 de esa conversaci\u00f3n.<\/p>\n<p>\u00abSeguiremos hablando sobre estos incidentes en p\u00fablico cuando veamos este tipo de violaciones de derechos humanos\u00bb, a\u00f1adi\u00f3 Toner durante su conferencia de prensa diaria.<\/p>\n<p>El portavoz asegur\u00f3 que Estados Unidos ha recibido \u00abinformes de que algunos, si no todos, los activistas\u00bb arrestados el domingo \u00abya han sido liberados por las autoridades cubanas\u00bb.<\/p>\n<p>Los arrestos, denunciados en primer lugar por representantes de la disidencia interna cubana, se produjeron en su mayor\u00eda durante una caminata tras asistir a misa, seg\u00fan las Damas de Blanco, que destacaron el caso del opositor Gonz\u00e1lez Rodiles, quien sufri\u00f3 una fractura en la nariz y tuvo que ser operado.<\/p>\n<p>Toner reconoci\u00f3 hoy que ese tipo de sucesos no encajan con \u00abel progreso\u00bb que Estados Unidos \u00abconfiaba en ver (de Cuba) a ra\u00edz del restablecimiento de las relaciones diplom\u00e1ticas\u00bb, que entrar\u00e1 en vigor el pr\u00f3ximo 20 de julio con la apertura de embajadas en las capitales.<\/p>\n<p>\u00abPero creemos que mediante esa relaci\u00f3n, tanto con el pueblo cubano como con el Gobierno cubano, vamos a poder plantear todos estos asuntos de forma consecuente\u00bb, a\u00f1adi\u00f3 el portavoz.<\/p>\n<p>\u00abNo nos hemos hecho ninguna ilusi\u00f3n de que esto va a cambiar de la noche a la ma\u00f1ana\u00bb, subray\u00f3.<\/p>\n<p>Dos fundaciones de derechos humanos publicaron hoy en Miami (Florida, EE.UU.) una lista actualizada con los nombres de 26 personas que consideran presos pol\u00edticos y llevan m\u00e1s de 6 meses en prisi\u00f3n en Cuba, y exigieron su libertad \u00abinmediata e incondicional\u00bb.<\/p>\n<p>Las organizaciones, la Fundaci\u00f3n para los Derechos Humanos en Cuba y la Fundaci\u00f3n Nacional Cubano Americana, buscan as\u00ed llamar la atenci\u00f3n sobre los presos a largo plazo y no solo sobre los arrestos de corta duraci\u00f3n, que son frecuentes en la isla.<\/p>\n<\/div>\n<\/div>\n<\/div>\n<div class=\"tags-lea-ademas\"><\/div>\n","protected":false},"excerpt":{"rendered":"<p>EFE Washington El Gobierno estadounidense asegur\u00f3 hoy que ha expresado al Ejecutivo de Cuba su preocupaci\u00f3n por la detenci\u00f3n de unos cien activistas pac\u00edficos en la isla el pasado domingo y reiter\u00f3 su compromiso con el proceso de normalizaci\u00f3n de las relaciones diplom\u00e1ticas a pesar de las diferencias. El Departamento de Estado de EE.UU. ya [&hellip;]<\/p>\n","protected":false},"author":7,"featured_media":15740,"comment_status":"open","ping_status":"open","sticky":false,"template":"","format":"standard","meta":{"footnotes":""},"categories":[49,40,43],"tags":[],"class_list":["post-15739","post","type-post","status-publish","format-standard","has-post-thumbnail","hentry","category-cuba","category-internacionales","category-politica"],"_links":{"self":[{"href":"https:\/\/2horizontes.com\/index.php?rest_route=\/wp\/v2\/posts\/15739","targetHints":{"allow":["GET"]}}],"collection":[{"href":"https:\/\/2horizontes.com\/index.php?rest_route=\/wp\/v2\/posts"}],"about":[{"href":"https:\/\/2horizontes.com\/index.php?rest_route=\/wp\/v2\/types\/post"}],"author":[{"embeddable":true,"href":"https:\/\/2horizontes.com\/index.php?rest_route=\/wp\/v2\/users\/7"}],"replies":[{"embeddable":true,"href":"https:\/\/2horizontes.com\/index.php?rest_route=%2Fwp%2Fv2%2Fcomments&post=15739"}],"version-history":[{"count":2,"href":"https:\/\/2horizontes.com\/index.php?rest_route=\/wp\/v2\/posts\/15739\/revisions"}],"predecessor-version":[{"id":15743,"href":"https:\/\/2horizontes.com\/index.php?rest_route=\/wp\/v2\/posts\/15739\/revisions\/15743"}],"wp:featuredmedia":[{"embeddable":true,"href":"https:\/\/2horizontes.com\/index.php?rest_route=\/wp\/v2\/media\/15740"}],"wp:attachment":[{"href":"https:\/\/2horizontes.com\/index.php?rest_route=%2Fwp%2Fv2%2Fmedia&parent=15739"}],"wp:term":[{"taxonomy":"category","embeddable":true,"href":"https:\/\/2horizontes.com\/index.php?rest_route=%2Fwp%2Fv2%2Fcategories&post=15739"},{"taxonomy":"post_tag","embeddable":true,"href":"https:\/\/2horizontes.com\/index.php?rest_route=%2Fwp%2Fv2%2Ftags&post=15739"}],"curies":[{"name":"wp","href":"https:\/\/api.w.org\/{rel}","templated":true}]}}