{"id":15727,"date":"2015-07-09T09:25:03","date_gmt":"2015-07-09T08:25:03","guid":{"rendered":"http:\/\/2horizontes.com\/?p=15727"},"modified":"2015-07-09T09:25:03","modified_gmt":"2015-07-09T08:25:03","slug":"gobierno-de-eeuu-anuncia-medidas-contra-la-segregacion-racial-en-la-vivienda","status":"publish","type":"post","link":"https:\/\/2horizontes.com\/?p=15727","title":{"rendered":"Gobierno de EEUU anuncia medidas contra la segregaci\u00f3n racial en la vivienda"},"content":{"rendered":"<div id=\"ArticleAuthorDiv\" class=\"article-body-author\"><b>EFE<\/b><\/div>\n<div id=\"ArticleSourceDiv\" class=\"article-body-author\"><b>Washington<\/b><\/div>\n<div id=\"ArticleBody\">\n<p>El Gobierno del presidente estadounidense, Barack Obama, anunci\u00f3 medidas para combatir la segregaci\u00f3n racial en el acceso a la vivienda en todo el pa\u00eds y fomentar la integraci\u00f3n, con la idea de que \u00abun c\u00f3digo postal nunca deber\u00eda determinar el futuro de un ni\u00f1o\u00bb.<\/p>\n<p>Una nueva norma anunciada por el Departamento de Vivienda exige que las alcald\u00edas que reciban ayuda federal para sus pol\u00edticas de alojamiento deber\u00e1n demostrar peri\u00f3dicamente que sus pr\u00e1cticas no promueven la segregaci\u00f3n racial.<\/p>\n<p>\u00abDemasiados estadounidenses ven c\u00f3mo sus sue\u00f1os quedan limitados por su lugar de origen, y un c\u00f3digo postal nunca deber\u00eda determinar el futuro de un ni\u00f1o\u00bb, dijo el secretario de Vivienda y Desarrollo Urbano, Juli\u00e1n Castro, en un comunicado.<\/p>\n<p>\u00abEste importante paso dar\u00e1 a los prestamistas locales las herramientas que necesitan para proporcionar a todos los estadounidenses acceso a viviendas seguras y asequibles en comunidades ricas en oportunidades\u00bb, agreg\u00f3.<\/p>\n<p>Castro present\u00f3 hoy en Chicago (Illinois) la nueva norma, que consider\u00f3 \u00abhist\u00f3rica\u00bb por ser el esfuerzo m\u00e1s \u00abserio\u00bb en el Departamento de Vivienda contra la segregaci\u00f3n racial en ese \u00e1rea desde la Ley de Fomento de la Vivienda Justa, aprobada en 1968.<\/p>\n<p>Esa ley, que prohibi\u00f3 la discriminaci\u00f3n racial en el acceso a la vivienda, exig\u00eda adem\u00e1s al Gobierno federal que hiciera esfuerzos para desmantelar la segregaci\u00f3n en los barrios del pa\u00eds y fomentara en su lugar la integraci\u00f3n, pero ese requisito apenas se ha aplicado en las \u00faltimas d\u00e9cadas.<\/p>\n<p>La norma publicada hoy busca aplicar por completo la ley y contribuir a la diversificaci\u00f3n de la poblaci\u00f3n en los barrios m\u00e1s acomodados y la reactivaci\u00f3n de los m\u00e1s deprimidos, que acogen de forma desproporcionada a la poblaci\u00f3n negra e hispana.<\/p>\n<p>Las nuevas normas exigen que las ciudades y pueblos que reciban fondos federales hagan un escrutinio de las pol\u00edticas de vivienda en su territorio y publiquen un informe peri\u00f3dico de resultados.<\/p>\n<p>Adem\u00e1s, las ciudades deber\u00e1n elaborar planes para seguir reduciendo la segregaci\u00f3n racial, con objetivos concretos a los que se pueda dar seguimiento a lo largo del tiempo.<\/p>\n<p>El Departamento de Vivienda mantiene abierta la posibilidad de retener parte de los fondos que concede a las ciudades en caso de comprobar que han violado estas reglas federales.<\/p>\n<p>Para facilitar el proceso, el Departamento de Vivienda proporcionar\u00e1 a las autoridades locales una base de datos geogr\u00e1ficos y demogr\u00e1ficos sobre todas las comunidades del pa\u00eds, con la esperanza de que eso ayude a identificar los puntos donde se concentran la pobreza y la segregaci\u00f3n racial y elaborar planes.<\/p>\n<p>Las medidas han sido bienvenidas por grupos de defensa de los derechos civiles y organizaciones de acceso a la vivienda, como la Alianza Nacional para una Vivienda Justa (NFHA, en ingl\u00e9s).<\/p>\n<p>\u00abEsta regla ayudar\u00e1 a las comunidades a hacer un uso estrat\u00e9gico de sus recursos para ampliar las oportunidades de vivienda para personas con discapacidad, familias con ni\u00f1os u otros grupos con pocos servicios\u00bb, indic\u00f3 la NFHA en un comunicado.<\/p>\n<p>En cambio, organizaciones conservadoras como la Fundaci\u00f3n Heritage y Estadounidenses para un Gobierno Limitado criticaron la regla al considerarla un intento de \u00abingenier\u00eda social\u00bb para cambiar la composici\u00f3n de los barrios predominantemente blancos.<\/p>\n<p>\u00abLos bur\u00f3cratas podr\u00e1n decidir por su cuenta si tu pueblo re\u00fane sus ideales de distribuci\u00f3n racial y de la renta, y si no cumples su ideal de esa mezcla, no vas a recibir dinero\u00bb, dijo un miembro de la Fundaci\u00f3n Heritage, Hans von Sankovsky, al diario Los Angeles Times.<\/p>\n<p>Las nuevas normas llegan apenas dos semanas despu\u00e9s de que el Tribunal Supremo recordara, en un fall\u00f3 en contra del Departamento de Vivienda y Asuntos de la Comunidad del estado de Texas, que no se puede discriminar a nadie en el acceso a la vivienda por motivos de raza, color, religi\u00f3n, sexo u origen.<\/p>\n<\/div>\n","protected":false},"excerpt":{"rendered":"<p>EFE Washington El Gobierno del presidente estadounidense, Barack Obama, anunci\u00f3 medidas para combatir la segregaci\u00f3n racial en el acceso a la vivienda en todo el pa\u00eds y fomentar la integraci\u00f3n, con la idea de que \u00abun c\u00f3digo postal nunca deber\u00eda determinar el futuro de un ni\u00f1o\u00bb. Una nueva norma anunciada por el Departamento de Vivienda [&hellip;]<\/p>\n","protected":false},"author":7,"featured_media":15728,"comment_status":"open","ping_status":"open","sticky":false,"template":"","format":"standard","meta":{"footnotes":""},"categories":[40,43],"tags":[],"class_list":["post-15727","post","type-post","status-publish","format-standard","has-post-thumbnail","hentry","category-internacionales","category-politica"],"_links":{"self":[{"href":"https:\/\/2horizontes.com\/index.php?rest_route=\/wp\/v2\/posts\/15727","targetHints":{"allow":["GET"]}}],"collection":[{"href":"https:\/\/2horizontes.com\/index.php?rest_route=\/wp\/v2\/posts"}],"about":[{"href":"https:\/\/2horizontes.com\/index.php?rest_route=\/wp\/v2\/types\/post"}],"author":[{"embeddable":true,"href":"https:\/\/2horizontes.com\/index.php?rest_route=\/wp\/v2\/users\/7"}],"replies":[{"embeddable":true,"href":"https:\/\/2horizontes.com\/index.php?rest_route=%2Fwp%2Fv2%2Fcomments&post=15727"}],"version-history":[{"count":1,"href":"https:\/\/2horizontes.com\/index.php?rest_route=\/wp\/v2\/posts\/15727\/revisions"}],"predecessor-version":[{"id":15729,"href":"https:\/\/2horizontes.com\/index.php?rest_route=\/wp\/v2\/posts\/15727\/revisions\/15729"}],"wp:featuredmedia":[{"embeddable":true,"href":"https:\/\/2horizontes.com\/index.php?rest_route=\/wp\/v2\/media\/15728"}],"wp:attachment":[{"href":"https:\/\/2horizontes.com\/index.php?rest_route=%2Fwp%2Fv2%2Fmedia&parent=15727"}],"wp:term":[{"taxonomy":"category","embeddable":true,"href":"https:\/\/2horizontes.com\/index.php?rest_route=%2Fwp%2Fv2%2Fcategories&post=15727"},{"taxonomy":"post_tag","embeddable":true,"href":"https:\/\/2horizontes.com\/index.php?rest_route=%2Fwp%2Fv2%2Ftags&post=15727"}],"curies":[{"name":"wp","href":"https:\/\/api.w.org\/{rel}","templated":true}]}}