{"id":15628,"date":"2015-07-08T16:37:19","date_gmt":"2015-07-08T15:37:19","guid":{"rendered":"http:\/\/2horizontes.com\/?p=15628"},"modified":"2015-07-08T16:37:19","modified_gmt":"2015-07-08T15:37:19","slug":"ricardo-arjona-viene-a-republica-dominicana-con-su-viaje-world-tour-2015","status":"publish","type":"post","link":"https:\/\/2horizontes.com\/?p=15628","title":{"rendered":"Ricardo Arjona viene a Rep\u00fablica Dominicana con su \u201cViaje World Tour 2015\u201d"},"content":{"rendered":"<p>RD- SANTO DOMINGO-El gigante de la canci\u00f3n rom\u00e1ntica, Ricardo Arjona, prepara la pr\u00f3xima parada de su \u201cViaje World Tour 2015\u201d en Santo Domingo, cuando descienda en el Palacio de los Deportes Virgilio Travieso el 22 de agosto.<\/p>\n<p>Alrededor de 20 pa\u00edses han presenciado el imponente show de este \u00edcono de la m\u00fasica, que viene al pa\u00eds en una\u00a0 producci\u00f3n del empresario art\u00edstico C\u00e9sar Su\u00e1rez Jr.,en una alianza con Latin Events responsable de la gira por Estados Unidos &amp; Puerto Rico que dirige el empresario F\u00e9lix Cabrera.<\/p>\n<p>El llamado \u201cGigante Guatemalteco\u201d registra m\u00e1s 30 millones de discos vendidos y \u00e9xitos como \u201cMujeres\u201d, \u201cComo duele\u201d, \u201cHistoria de taxi\u201d, \u201cDesnuda\u201d,\u00a0 \u201cFuiste t\u00fa\u201d, \u201cDime que no\u201d, \u201cTe conozco\u201d, \u201cSe\u00f1ora de las cuatro d\u00e9cadas\u201d, \u201cMinutos\u201d y \u201cEl problema, que formar\u00e1n parte de los temas que junto a los de su m\u00e1s reciente disco, entre ellos \u201cApnea\u201d, \u201cCavernicolas\u201d, \u201cLo poco que tengo\u201d y \u201cViaje\u201d, deleitar\u00e1n a todos sus fan\u00e1ticos en el pa\u00eds.<\/p>\n<p>FUENTE : EL CARIBE<\/p>\n<p>&nbsp;<\/p>\n","protected":false},"excerpt":{"rendered":"<p>RD- SANTO DOMINGO-El gigante de la canci\u00f3n rom\u00e1ntica, Ricardo Arjona, prepara la pr\u00f3xima parada de su \u201cViaje World Tour 2015\u201d en Santo Domingo, cuando descienda en el Palacio de los Deportes Virgilio Travieso el 22 de agosto. Alrededor de 20 pa\u00edses han presenciado el imponente show de este \u00edcono de la m\u00fasica, que viene al [&hellip;]<\/p>\n","protected":false},"author":8,"featured_media":15629,"comment_status":"open","ping_status":"open","sticky":false,"template":"","format":"standard","meta":{"footnotes":""},"categories":[1,44],"tags":[],"class_list":["post-15628","post","type-post","status-publish","format-standard","has-post-thumbnail","hentry","category-entretenimiento","category-republica-dominicana"],"_links":{"self":[{"href":"https:\/\/2horizontes.com\/index.php?rest_route=\/wp\/v2\/posts\/15628","targetHints":{"allow":["GET"]}}],"collection":[{"href":"https:\/\/2horizontes.com\/index.php?rest_route=\/wp\/v2\/posts"}],"about":[{"href":"https:\/\/2horizontes.com\/index.php?rest_route=\/wp\/v2\/types\/post"}],"author":[{"embeddable":true,"href":"https:\/\/2horizontes.com\/index.php?rest_route=\/wp\/v2\/users\/8"}],"replies":[{"embeddable":true,"href":"https:\/\/2horizontes.com\/index.php?rest_route=%2Fwp%2Fv2%2Fcomments&post=15628"}],"version-history":[{"count":1,"href":"https:\/\/2horizontes.com\/index.php?rest_route=\/wp\/v2\/posts\/15628\/revisions"}],"predecessor-version":[{"id":15630,"href":"https:\/\/2horizontes.com\/index.php?rest_route=\/wp\/v2\/posts\/15628\/revisions\/15630"}],"wp:featuredmedia":[{"embeddable":true,"href":"https:\/\/2horizontes.com\/index.php?rest_route=\/wp\/v2\/media\/15629"}],"wp:attachment":[{"href":"https:\/\/2horizontes.com\/index.php?rest_route=%2Fwp%2Fv2%2Fmedia&parent=15628"}],"wp:term":[{"taxonomy":"category","embeddable":true,"href":"https:\/\/2horizontes.com\/index.php?rest_route=%2Fwp%2Fv2%2Fcategories&post=15628"},{"taxonomy":"post_tag","embeddable":true,"href":"https:\/\/2horizontes.com\/index.php?rest_route=%2Fwp%2Fv2%2Ftags&post=15628"}],"curies":[{"name":"wp","href":"https:\/\/api.w.org\/{rel}","templated":true}]}}