{"id":15622,"date":"2015-07-08T16:24:06","date_gmt":"2015-07-08T15:24:06","guid":{"rendered":"http:\/\/2horizontes.com\/?p=15622"},"modified":"2015-07-08T16:24:06","modified_gmt":"2015-07-08T15:24:06","slug":"onda-tropical-y-vaguada-seguiran-provocando-chubascos-dispersos-y-gran-calor-en-rd","status":"publish","type":"post","link":"https:\/\/2horizontes.com\/?p=15622","title":{"rendered":"Onda Tropical y vaguada seguir\u00e1n provocando chubascos dispersos y gran calor en RD"},"content":{"rendered":"<p>RD-SANTO DOMINGO-Seg\u00fan la oficina Nacional de meteorolog\u00eda ONAMET otra onda tropical que se mueve sobre la costa sur del pa\u00eds en el mar Caribe, desplaz\u00e1ndose r\u00e1pidamente hacia el oeste, est\u00e1 interactuando con la vaguada en altura, por lo que a partir del mediod\u00eda de hoy hasta las primeras horas de la noche se espera un incremento de la nubosidad y la ocurrencia de chubascos dispersos acompa\u00f1ados de tronadas.<\/p>\n<p>As\u00ed lo asegur\u00f3 la Oficina Nacional de Meteorolog\u00eda (Onamet) en su informe de hoy, donde destaca que las lluvias ocurrir\u00e1n principalmente en las provincias El\u00edas Pi\u00f1a, San Juan, Dajab\u00f3n, Santiago Rodr\u00edguez, Montecristi, Santiago, La Vega, Monse\u00f1or Nouel, Barahona, Azua, San Jos\u00e9 de Ocoa, Peravia, San Crist\u00f3bal, San Pedro de Macor\u00eds, La Romana, La Altagracia y Monte Plata.<\/p>\n<p>Agreg\u00f3 que para ma\u00f1ana la inestabilidad dejada por la onda tropical y la vaguada en altura seguir\u00e1n provocando bastante nubosidad en horas de la tarde y la noche, produciendo chubascos aislados con tronadas hacia las regiones suroeste, noroeste, zona fronteriza y la Cordillera Central.<\/p>\n<p>Las temperaturas se mantendr\u00e1n calurosas a nivel nacional, debido a la \u00e9poca del a\u00f1o y a la radiaci\u00f3n solar.<\/p>\n<p><strong>Pron\u00f3sticos locales:<\/strong><br \/>\nEn el Distrito Nacional y la provincia Santo Domingo estar\u00e1 medio nublado a nublado con chubascos dispersos y tronadas\u00a0 a partir del mediod\u00eda.<\/p>\n<p>En el Gran Santo Domingo la temperatura m\u00e1xima estar\u00e1 entre 31\u00baC y 32\u00baC\u00a0 y la m\u00ednima entre 22\u00baC y 23\u00baC.<\/p>\n","protected":false},"excerpt":{"rendered":"<p>RD-SANTO DOMINGO-Seg\u00fan la oficina Nacional de meteorolog\u00eda ONAMET otra onda tropical que se mueve sobre la costa sur del pa\u00eds en el mar Caribe, desplaz\u00e1ndose r\u00e1pidamente hacia el oeste, est\u00e1 interactuando con la vaguada en altura, por lo que a partir del mediod\u00eda de hoy hasta las primeras horas de la noche se espera un [&hellip;]<\/p>\n","protected":false},"author":8,"featured_media":15623,"comment_status":"open","ping_status":"open","sticky":false,"template":"","format":"standard","meta":{"footnotes":""},"categories":[44],"tags":[],"class_list":["post-15622","post","type-post","status-publish","format-standard","has-post-thumbnail","hentry","category-republica-dominicana"],"_links":{"self":[{"href":"https:\/\/2horizontes.com\/index.php?rest_route=\/wp\/v2\/posts\/15622","targetHints":{"allow":["GET"]}}],"collection":[{"href":"https:\/\/2horizontes.com\/index.php?rest_route=\/wp\/v2\/posts"}],"about":[{"href":"https:\/\/2horizontes.com\/index.php?rest_route=\/wp\/v2\/types\/post"}],"author":[{"embeddable":true,"href":"https:\/\/2horizontes.com\/index.php?rest_route=\/wp\/v2\/users\/8"}],"replies":[{"embeddable":true,"href":"https:\/\/2horizontes.com\/index.php?rest_route=%2Fwp%2Fv2%2Fcomments&post=15622"}],"version-history":[{"count":1,"href":"https:\/\/2horizontes.com\/index.php?rest_route=\/wp\/v2\/posts\/15622\/revisions"}],"predecessor-version":[{"id":15624,"href":"https:\/\/2horizontes.com\/index.php?rest_route=\/wp\/v2\/posts\/15622\/revisions\/15624"}],"wp:featuredmedia":[{"embeddable":true,"href":"https:\/\/2horizontes.com\/index.php?rest_route=\/wp\/v2\/media\/15623"}],"wp:attachment":[{"href":"https:\/\/2horizontes.com\/index.php?rest_route=%2Fwp%2Fv2%2Fmedia&parent=15622"}],"wp:term":[{"taxonomy":"category","embeddable":true,"href":"https:\/\/2horizontes.com\/index.php?rest_route=%2Fwp%2Fv2%2Fcategories&post=15622"},{"taxonomy":"post_tag","embeddable":true,"href":"https:\/\/2horizontes.com\/index.php?rest_route=%2Fwp%2Fv2%2Ftags&post=15622"}],"curies":[{"name":"wp","href":"https:\/\/api.w.org\/{rel}","templated":true}]}}