{"id":15610,"date":"2015-07-08T15:55:39","date_gmt":"2015-07-08T14:55:39","guid":{"rendered":"http:\/\/2horizontes.com\/?p=15610"},"modified":"2015-07-08T15:55:39","modified_gmt":"2015-07-08T14:55:39","slug":"familiares-de-vinculado-al-robo-de-zapete-desmienten-version-policial","status":"publish","type":"post","link":"https:\/\/2horizontes.com\/?p=15610","title":{"rendered":"Familiares de vinculado al robo de Zapete desmienten versi\u00f3n policial"},"content":{"rendered":"<p>RD-SANTO DOMINGO-Familiares del occiso Fabi\u00e1n Arias Tejeda, a quien la Polic\u00eda acus\u00f3 del robo de una computadora del periodista Marino Zapete, rechazaron ayer la versi\u00f3n de que su pariente haya sido asesinado en \u201cintercambio de disparos\u201d.<\/p>\n<p>Seg\u00fan Victor Ar\u00edas, padre del imputado, su hijo ven\u00eda de comprar pa\u00f1ales y latas de leche para su reto\u00f1o de cinco meses cuando dos agentes policiales vestidos de civil lo balearon mientras caminaba en la calle de Los Mina.<\/p>\n<p>\u201cLos testigos me dijeron que cuando \u00e9l ven\u00eda a traerle los pa\u00f1ales y la leche a su hijo, cruzando la calle, dos polic\u00edas vestidos de civil lo enca\u00f1onaron y le dispararon en la parte de atr\u00e1s y lo subieron con todo y motor esposado, y se lo llevaron al Moscoso Puello donde lo dejaron desangrarse\u201d, asegur\u00f3 Victor Arias.<\/p>\n<p>El padre del difunto a\u00f1adi\u00f3 que a Arias Tejeda lo \u201cmontaron\u201d en una camioneta frente a todas las personas que presenciaron el hecho, quienes fueron enca\u00f1onadas por los dos efectivos policiales para que se fueran y no lo siguieran al hospital Moscoso Puello.<\/p>\n<p>\u201cCuando nos enteramos que estaba en el hospital, acudimos all\u00e1 y no nos dejaron acercarnos a \u00e9l ya que un polic\u00eda de apellido \u2018Corpor\u00e1n\u2019 advirti\u00f3 a los presentes que no se acercaran para que Fabi\u00e1n Arias se desangrara\u201d, asever\u00f3 el pap\u00e1 de Arias Tejeda.<\/p>\n<p>La esposa de la v\u00edctima, Jennifer de Tejeda, dijo que habl\u00f3 con Arias Tejeda mientras agonizaba con el disparo en el gl\u00fateo y se desangraba.<\/p>\n<p>\u201cLuego de que los polic\u00edas vieron que mucha gente estaba yendo a donde mi esposo que se encontraba en el hospital, ah\u00ed fue que los m\u00e9dicos empezaron a atenderlo, despu\u00e9s que estaba totalmente desangrado, \u00e9l solo gritaba que ya no sent\u00eda las piernas mientras mor\u00eda\u201d, sostuvo la viuda.<\/p>\n<p>Los parientes del occiso confirmaron que \u00e9ste estuvo preso por un delito donde supuestamente andaba con un amigo que hiri\u00f3 de un balazo a un nacional haitiano. Seg\u00fan la Polic\u00eda, purgada la sentencia, Arias Tejeda sali\u00f3 de la c\u00e1rcel el pasado jueves 25 de junio y ya el 27 de ese mismo mes rob\u00f3 junto a varias personas la computadora del reconocido comunicador.<\/p>\n<p><strong>INFORME POLICIAL SOBRE EL CASO<\/strong><br \/>\nLa Polic\u00eda hab\u00eda informado que Fabi\u00e1n Arias Tejeda muri\u00f3 a consecuencia de un balazo en el gl\u00fateo izquierdo, al \u201cenfrentar\u201d una patrulla policial que trat\u00f3 de apresarlo en el sector Los Mina. En el hecho fue apresado \u00c1ngel Rodr\u00edguez, quien supuestamente admiti\u00f3 haber realizado el robo en la residencia del comunicador en compa\u00f1\u00eda de Arias Tejeda.<\/p>\n<p>La Polic\u00eda explic\u00f3 que en una primera acci\u00f3n fue apresado Rodr\u00edguez, a quien se le ocup\u00f3 la jeepeta Mitsubishi Montero, gris, utilizada para cometer el hecho y en cuyo interior se encontr\u00f3 un televisor y un Ipad, art\u00edculos que hab\u00edan sido robados en una residencia ubicada en el kil\u00f3metro 11 de la autopista Duarte vieja. Seg\u00fan la uniformada, esa acci\u00f3n delictiva fue cometida horas antes del robo en la residencia de Zapete. Por el hecho, todav\u00eda se encuentra pr\u00f3fugo \u201cTony Beltr\u00e9\u201d.<\/p>\n<p>FUENTE: LISTIN DIARIO<\/p>\n","protected":false},"excerpt":{"rendered":"<p>RD-SANTO DOMINGO-Familiares del occiso Fabi\u00e1n Arias Tejeda, a quien la Polic\u00eda acus\u00f3 del robo de una computadora del periodista Marino Zapete, rechazaron ayer la versi\u00f3n de que su pariente haya sido asesinado en \u201cintercambio de disparos\u201d. Seg\u00fan Victor Ar\u00edas, padre del imputado, su hijo ven\u00eda de comprar pa\u00f1ales y latas de leche para su reto\u00f1o [&hellip;]<\/p>\n","protected":false},"author":8,"featured_media":15611,"comment_status":"open","ping_status":"open","sticky":false,"template":"","format":"standard","meta":{"footnotes":""},"categories":[44],"tags":[],"class_list":["post-15610","post","type-post","status-publish","format-standard","has-post-thumbnail","hentry","category-republica-dominicana"],"_links":{"self":[{"href":"https:\/\/2horizontes.com\/index.php?rest_route=\/wp\/v2\/posts\/15610","targetHints":{"allow":["GET"]}}],"collection":[{"href":"https:\/\/2horizontes.com\/index.php?rest_route=\/wp\/v2\/posts"}],"about":[{"href":"https:\/\/2horizontes.com\/index.php?rest_route=\/wp\/v2\/types\/post"}],"author":[{"embeddable":true,"href":"https:\/\/2horizontes.com\/index.php?rest_route=\/wp\/v2\/users\/8"}],"replies":[{"embeddable":true,"href":"https:\/\/2horizontes.com\/index.php?rest_route=%2Fwp%2Fv2%2Fcomments&post=15610"}],"version-history":[{"count":1,"href":"https:\/\/2horizontes.com\/index.php?rest_route=\/wp\/v2\/posts\/15610\/revisions"}],"predecessor-version":[{"id":15612,"href":"https:\/\/2horizontes.com\/index.php?rest_route=\/wp\/v2\/posts\/15610\/revisions\/15612"}],"wp:featuredmedia":[{"embeddable":true,"href":"https:\/\/2horizontes.com\/index.php?rest_route=\/wp\/v2\/media\/15611"}],"wp:attachment":[{"href":"https:\/\/2horizontes.com\/index.php?rest_route=%2Fwp%2Fv2%2Fmedia&parent=15610"}],"wp:term":[{"taxonomy":"category","embeddable":true,"href":"https:\/\/2horizontes.com\/index.php?rest_route=%2Fwp%2Fv2%2Fcategories&post=15610"},{"taxonomy":"post_tag","embeddable":true,"href":"https:\/\/2horizontes.com\/index.php?rest_route=%2Fwp%2Fv2%2Ftags&post=15610"}],"curies":[{"name":"wp","href":"https:\/\/api.w.org\/{rel}","templated":true}]}}