{"id":15607,"date":"2015-07-08T15:48:33","date_gmt":"2015-07-08T14:48:33","guid":{"rendered":"http:\/\/2horizontes.com\/?p=15607"},"modified":"2015-07-08T15:48:33","modified_gmt":"2015-07-08T14:48:33","slug":"fundacion-la-merced-pide-unidad-frenar-trabajo-ninos-rd","status":"publish","type":"post","link":"https:\/\/2horizontes.com\/?p=15607","title":{"rendered":"Fundaci\u00f3n La Merced pide unidad frenar trabajo ni\u00f1os RD"},"content":{"rendered":"<p>RD-SANTO DOMINGO-El director ejecutivo de la Fundaci\u00f3n La Merced, Tom\u00e1s Garc\u00eda, ponder\u00f3 la necesidad de que el Gobierno y las instituciones comunitarias y sociales unan esfuerzos para enfrentar los problemas que afectan a ni\u00f1os y j\u00f3venes de escasos recursos.<\/p>\n<p>Garc\u00eda trat\u00f3 el tema en el III encuentro del programa Obras Son Amores, que organiza la revista En Sociedad (ES), del peri\u00f3dico HOY, con la Fundaci\u00f3n La Merced, de la Iglesia Cat\u00f3lica, como invitado, cuya misi\u00f3n es prevenir y erradicar el trabajo infantil y disminuir la pobreza mediante la educaci\u00f3n y fortalecimiento de la familia.<\/p>\n<p>El encuentro se llev\u00f3 cabo en el Sal\u00f3n de Conferencia de los peri\u00f3dicos HOY, El Nacional y El D\u00eda. Participaron junto al padre Garc\u00eda, Tino Deon y Eva Montoya, de La Merced. Lo encabez\u00f3 Maribel Lazala, directora de ES.<\/p>\n","protected":false},"excerpt":{"rendered":"<p>RD-SANTO DOMINGO-El director ejecutivo de la Fundaci\u00f3n La Merced, Tom\u00e1s Garc\u00eda, ponder\u00f3 la necesidad de que el Gobierno y las instituciones comunitarias y sociales unan esfuerzos para enfrentar los problemas que afectan a ni\u00f1os y j\u00f3venes de escasos recursos. Garc\u00eda trat\u00f3 el tema en el III encuentro del programa Obras Son Amores, que organiza la [&hellip;]<\/p>\n","protected":false},"author":8,"featured_media":15608,"comment_status":"open","ping_status":"open","sticky":false,"template":"","format":"standard","meta":{"footnotes":""},"categories":[44],"tags":[],"class_list":["post-15607","post","type-post","status-publish","format-standard","has-post-thumbnail","hentry","category-republica-dominicana"],"_links":{"self":[{"href":"https:\/\/2horizontes.com\/index.php?rest_route=\/wp\/v2\/posts\/15607","targetHints":{"allow":["GET"]}}],"collection":[{"href":"https:\/\/2horizontes.com\/index.php?rest_route=\/wp\/v2\/posts"}],"about":[{"href":"https:\/\/2horizontes.com\/index.php?rest_route=\/wp\/v2\/types\/post"}],"author":[{"embeddable":true,"href":"https:\/\/2horizontes.com\/index.php?rest_route=\/wp\/v2\/users\/8"}],"replies":[{"embeddable":true,"href":"https:\/\/2horizontes.com\/index.php?rest_route=%2Fwp%2Fv2%2Fcomments&post=15607"}],"version-history":[{"count":1,"href":"https:\/\/2horizontes.com\/index.php?rest_route=\/wp\/v2\/posts\/15607\/revisions"}],"predecessor-version":[{"id":15609,"href":"https:\/\/2horizontes.com\/index.php?rest_route=\/wp\/v2\/posts\/15607\/revisions\/15609"}],"wp:featuredmedia":[{"embeddable":true,"href":"https:\/\/2horizontes.com\/index.php?rest_route=\/wp\/v2\/media\/15608"}],"wp:attachment":[{"href":"https:\/\/2horizontes.com\/index.php?rest_route=%2Fwp%2Fv2%2Fmedia&parent=15607"}],"wp:term":[{"taxonomy":"category","embeddable":true,"href":"https:\/\/2horizontes.com\/index.php?rest_route=%2Fwp%2Fv2%2Fcategories&post=15607"},{"taxonomy":"post_tag","embeddable":true,"href":"https:\/\/2horizontes.com\/index.php?rest_route=%2Fwp%2Fv2%2Ftags&post=15607"}],"curies":[{"name":"wp","href":"https:\/\/api.w.org\/{rel}","templated":true}]}}