{"id":15601,"date":"2015-07-08T15:28:59","date_gmt":"2015-07-08T14:28:59","guid":{"rendered":"http:\/\/2horizontes.com\/?p=15601"},"modified":"2015-07-08T15:28:59","modified_gmt":"2015-07-08T14:28:59","slug":"alcalde-de-miami-pide-a-danilo-medina-magnanimidad-con-los-haitianos","status":"publish","type":"post","link":"https:\/\/2horizontes.com\/?p=15601","title":{"rendered":"Alcalde de Miami pide a Danilo Medina \u201cmagnanimidad\u201d con los haitianos"},"content":{"rendered":"<p>MIAMI.- El alcalde de Miami pidi\u00f3 al presidente de Rep\u00fablica Dominicana, Danilo Medina, \u201cmagnanimidad\u201d con las personas amenazadas de expulsi\u00f3n hacia Hait\u00ed.<\/p>\n<p>\u201cSe\u00f1or Presidente, extienda su magnanimidad hacia esas personas que buscan en su pa\u00eds la paz, la esperanza, el futuro que no han encontrado en el suyo\u201d, escribi\u00f3 el alcalde cubano-estadounidense Tom\u00e1s Regalado en una misiva al mandatario dominicano.<\/p>\n<p>En una pol\u00e9mica decisi\u00f3n, el Tribunal Constitucional dominicano neg\u00f3 en 2013 la nacionalidad dominicana a los hijos de inmigrantes ilegales, lo que afect\u00f3 a unas 250.000 personas, principalmente hijas de haitianos.<\/p>\n<p>Ante la presi\u00f3n internacional, Santo Domingo implement\u00f3 un Plan Nacional de Regularizaci\u00f3n de Extranjeros, pero la mayor\u00eda de las personas afectadas no pudieron finalizar el procedimiento antes del 17 de junio, cuando culmin\u00f3 la fecha para acogerse al mismo.<\/p>\n<p>Seg\u00fan los servicios dominicanos, 31.225 haitianos hab\u00edan regresado a su pa\u00eds hasta el 1 de julio.<\/p>\n<p>El alcalde Regalado mostr\u00f3 su \u201cprofunda preocupaci\u00f3n por las noticias de frecuentes deportaciones de haitianos\u201d.<\/p>\n<p>Aunque aclar\u00f3 que respeta los asuntos internos de otros pa\u00edses, afirm\u00f3 que velar por los derechos humanos es \u201cdeber de todos\u201d.<\/p>\n<p>En Miami, que tiene la mayor concentraci\u00f3n de inmigrantes haitianos en Estados Unidos, con m\u00e1s de 200.000, los llegados de ese pa\u00eds se han ganado \u201cnuestro respeto y aprecio\u201d, agreg\u00f3 Regalado.<\/p>\n","protected":false},"excerpt":{"rendered":"<p>MIAMI.- El alcalde de Miami pidi\u00f3 al presidente de Rep\u00fablica Dominicana, Danilo Medina, \u201cmagnanimidad\u201d con las personas amenazadas de expulsi\u00f3n hacia Hait\u00ed. \u201cSe\u00f1or Presidente, extienda su magnanimidad hacia esas personas que buscan en su pa\u00eds la paz, la esperanza, el futuro que no han encontrado en el suyo\u201d, escribi\u00f3 el alcalde cubano-estadounidense Tom\u00e1s Regalado en [&hellip;]<\/p>\n","protected":false},"author":8,"featured_media":15602,"comment_status":"open","ping_status":"open","sticky":false,"template":"","format":"standard","meta":{"footnotes":""},"categories":[40,43],"tags":[],"class_list":["post-15601","post","type-post","status-publish","format-standard","has-post-thumbnail","hentry","category-internacionales","category-politica"],"_links":{"self":[{"href":"https:\/\/2horizontes.com\/index.php?rest_route=\/wp\/v2\/posts\/15601","targetHints":{"allow":["GET"]}}],"collection":[{"href":"https:\/\/2horizontes.com\/index.php?rest_route=\/wp\/v2\/posts"}],"about":[{"href":"https:\/\/2horizontes.com\/index.php?rest_route=\/wp\/v2\/types\/post"}],"author":[{"embeddable":true,"href":"https:\/\/2horizontes.com\/index.php?rest_route=\/wp\/v2\/users\/8"}],"replies":[{"embeddable":true,"href":"https:\/\/2horizontes.com\/index.php?rest_route=%2Fwp%2Fv2%2Fcomments&post=15601"}],"version-history":[{"count":1,"href":"https:\/\/2horizontes.com\/index.php?rest_route=\/wp\/v2\/posts\/15601\/revisions"}],"predecessor-version":[{"id":15603,"href":"https:\/\/2horizontes.com\/index.php?rest_route=\/wp\/v2\/posts\/15601\/revisions\/15603"}],"wp:featuredmedia":[{"embeddable":true,"href":"https:\/\/2horizontes.com\/index.php?rest_route=\/wp\/v2\/media\/15602"}],"wp:attachment":[{"href":"https:\/\/2horizontes.com\/index.php?rest_route=%2Fwp%2Fv2%2Fmedia&parent=15601"}],"wp:term":[{"taxonomy":"category","embeddable":true,"href":"https:\/\/2horizontes.com\/index.php?rest_route=%2Fwp%2Fv2%2Fcategories&post=15601"},{"taxonomy":"post_tag","embeddable":true,"href":"https:\/\/2horizontes.com\/index.php?rest_route=%2Fwp%2Fv2%2Ftags&post=15601"}],"curies":[{"name":"wp","href":"https:\/\/api.w.org\/{rel}","templated":true}]}}