{"id":15561,"date":"2015-07-08T11:51:54","date_gmt":"2015-07-08T10:51:54","guid":{"rendered":"http:\/\/2horizontes.com\/?p=15561"},"modified":"2015-07-08T11:51:54","modified_gmt":"2015-07-08T10:51:54","slug":"en-x-men-apocalipsis-se-conocera-el-nacimiento-del-equipo-de-mutantes","status":"publish","type":"post","link":"https:\/\/2horizontes.com\/?p=15561","title":{"rendered":"EN &#8216;X-MEN APOCALIPSIS&#8217; SE CONOCER\u00c1 EL NACIMIENTO DEL EQUIPO DE MUTANTES"},"content":{"rendered":"<p>La primera entrega de X-Men asegura que el primer equipo de mutantes fue integrado por &#8216;C\u00edclope&#8217;, &#8216;Tormenta&#8217; y &#8216;Jean Grey&#8217;, mostrando a\u00f1os despu\u00e9s en X-Men: Primera Generaci\u00f3n al profesor &#8216;Xavier&#8217; liderando un grupo integrado por &#8216;Mystique&#8217;, &#8216;Beast&#8217;, &#8216;Banshee&#8217; y &#8216;Havok&#8217;, elemento que molest\u00f3 a los fan\u00e1ticos al tratarse de un error de continuidad en la franquicia.<\/p>\n<p>Bryan Singer, director de la pel\u00edcula X-Men: Apocalipsis, planea resolver esa situaci\u00f3n al revelar a la revista Entertainment Weekly que la nueva cinta ser\u00e1 \u00abel verdadero nacimiento de los mutantes. As\u00ed es como sucede\u00bb.<\/p>\n<p>Este filme ser\u00e1 una versi\u00f3n Beta del sue\u00f1o de &#8216;Xavier&#8217; que termin\u00f3 desintegrado por las ambiciones de &#8216;Magneto&#8217;. Los fan\u00e1ticos del famoso tel\u00e9pata siguieron sus propios rumbos en D\u00edas del Futuro Pasado, cuando mostraron a un &#8216;Havok&#8217; en la milicia, a un &#8216;Banshee&#8217; ca\u00eddo y &#8216;Beast&#8217; siempre se mantivo fiel a su l\u00edder.<\/p>\n<p>Toda esta situaci\u00f3n cambiar\u00e1 en el tercer filme de la trilog\u00eda, el cual mostrar\u00e1 versiones juveniles de &#8216;C\u00edclope&#8217;, &#8216;Tormenta&#8217; y &#8216;Jean Grey&#8217; interactuando con los X-Men originales, aunque a\u00fan no se descarta la posibilidad de ver en pantalla al personaje de &#8216;Angel&#8217; en el equipo.<\/p>\n","protected":false},"excerpt":{"rendered":"<p>La primera entrega de X-Men asegura que el primer equipo de mutantes fue integrado por &#8216;C\u00edclope&#8217;, &#8216;Tormenta&#8217; y &#8216;Jean Grey&#8217;, mostrando a\u00f1os despu\u00e9s en X-Men: Primera Generaci\u00f3n al profesor &#8216;Xavier&#8217; liderando un grupo integrado por &#8216;Mystique&#8217;, &#8216;Beast&#8217;, &#8216;Banshee&#8217; y &#8216;Havok&#8217;, elemento que molest\u00f3 a los fan\u00e1ticos al tratarse de un error de continuidad en la [&hellip;]<\/p>\n","protected":false},"author":3,"featured_media":15562,"comment_status":"open","ping_status":"open","sticky":false,"template":"","format":"standard","meta":{"footnotes":""},"categories":[1],"tags":[],"class_list":["post-15561","post","type-post","status-publish","format-standard","has-post-thumbnail","hentry","category-entretenimiento"],"_links":{"self":[{"href":"https:\/\/2horizontes.com\/index.php?rest_route=\/wp\/v2\/posts\/15561","targetHints":{"allow":["GET"]}}],"collection":[{"href":"https:\/\/2horizontes.com\/index.php?rest_route=\/wp\/v2\/posts"}],"about":[{"href":"https:\/\/2horizontes.com\/index.php?rest_route=\/wp\/v2\/types\/post"}],"author":[{"embeddable":true,"href":"https:\/\/2horizontes.com\/index.php?rest_route=\/wp\/v2\/users\/3"}],"replies":[{"embeddable":true,"href":"https:\/\/2horizontes.com\/index.php?rest_route=%2Fwp%2Fv2%2Fcomments&post=15561"}],"version-history":[{"count":1,"href":"https:\/\/2horizontes.com\/index.php?rest_route=\/wp\/v2\/posts\/15561\/revisions"}],"predecessor-version":[{"id":15563,"href":"https:\/\/2horizontes.com\/index.php?rest_route=\/wp\/v2\/posts\/15561\/revisions\/15563"}],"wp:featuredmedia":[{"embeddable":true,"href":"https:\/\/2horizontes.com\/index.php?rest_route=\/wp\/v2\/media\/15562"}],"wp:attachment":[{"href":"https:\/\/2horizontes.com\/index.php?rest_route=%2Fwp%2Fv2%2Fmedia&parent=15561"}],"wp:term":[{"taxonomy":"category","embeddable":true,"href":"https:\/\/2horizontes.com\/index.php?rest_route=%2Fwp%2Fv2%2Fcategories&post=15561"},{"taxonomy":"post_tag","embeddable":true,"href":"https:\/\/2horizontes.com\/index.php?rest_route=%2Fwp%2Fv2%2Ftags&post=15561"}],"curies":[{"name":"wp","href":"https:\/\/api.w.org\/{rel}","templated":true}]}}