{"id":15472,"date":"2015-07-07T19:26:24","date_gmt":"2015-07-07T18:26:24","guid":{"rendered":"http:\/\/2horizontes.com\/?p=15472"},"modified":"2015-07-07T19:26:24","modified_gmt":"2015-07-07T18:26:24","slug":"castro-castillo-cumplio-su-tiempo-en-la-policia-como-jefe","status":"publish","type":"post","link":"https:\/\/2horizontes.com\/?p=15472","title":{"rendered":"Castro Castillo cumpli\u00f3 su tiempo en la policia como jefe"},"content":{"rendered":"<article class=\"contenidoArticulo\">\n<div class=\"cuerpoNoticia\">\n<p>RD-SANTO DOMINGO-El tiempo reglamentario para el ejercicio de las funciones del jefe de la Polic\u00eda Nacional, mayor general Manuel Castro Castillo, se cumpli\u00f3 el veinticinco de junio del presente a\u00f1o, por lo que se espera que en cualquier momento el Ejecutivo pueda emitir un decreto que introduzca cambios en las filas de esa entidad.<\/p>\n<p>Seg\u00fan lo establece en la Ley 96-04, legislaci\u00f3n vigente que norma el funcionamiento institucional de la Polic\u00eda Nacional, las funciones del jefe de ese organismo no pueden exceder los dos a\u00f1os.<\/p>\n<p>As\u00ed queda establecido en el art\u00edculo 11 de dicha ley que dice textualmente lo siguiente: \u201cEl Presidente de la Rep\u00fablica designar\u00e1 como Jefe de la Polic\u00eda Nacional, por un periodo que no exceda a los dos a\u00f1os, a un oficial general policial activo que re\u00fana las condiciones y requisitos m\u00ednimos\u201d.<\/p>\n<p>Manuel Castro Castillo fue designado en su posici\u00f3n por el presidente Danilo Medina en junio del 2013 mediante el decreto 181-13, el cual expresa en su art\u00edculo n\u00famero uno que \u201cel general de brigada de la P.N. Manuel Castro Castillo, queda ascendido al rango de mayor general y designado jefe de la Polic\u00eda en sustituci\u00f3n de Jos\u00e9 Armando Polanco G\u00f3mez\u201d.<\/p>\n<p>Ante esta situaci\u00f3n, surge la inquietud de qui\u00e9n ser\u00e1 el nuevo jefe de la Polic\u00eda Nacional, ya que en el p\u00e1rrafo 1 del mismo art\u00edculo 11 de la ley, dice que al cesar sus funciones, el jefe policial no puede volver a ocupar el mismo cargo.<\/p>\n<p>El per\u00edodo de Castro Castillo se cumple en momentos en que esa instituci\u00f3n se encuentra inmersa en un proceso de reforma, con la que persigue hacer m\u00e1s eficiente la labor de los agentes y recuperar la confianza por parte de la ciudadan\u00eda.<\/p>\n<p>Tambi\u00e9n en los \u00faltimos meses, diversas organizaciones comunitarias del pa\u00eds han organizado varias actividades para alertar sobre el aumento de los asaltos y muertes de ciudadanos a mano de los delincuentes y organizaciones de los derechos humanos presentaron los resultados de un informe en el que establecen que la Polic\u00eda est\u00e1 lejos de ser percibida como aliada del ciudadano en la luchas contra la criminalidad.<\/p>\n<\/div>\n<\/article>\n<p>&nbsp;<\/p>\n","protected":false},"excerpt":{"rendered":"<p>RD-SANTO DOMINGO-El tiempo reglamentario para el ejercicio de las funciones del jefe de la Polic\u00eda Nacional, mayor general Manuel Castro Castillo, se cumpli\u00f3 el veinticinco de junio del presente a\u00f1o, por lo que se espera que en cualquier momento el Ejecutivo pueda emitir un decreto que introduzca cambios en las filas de esa entidad. Seg\u00fan [&hellip;]<\/p>\n","protected":false},"author":8,"featured_media":15473,"comment_status":"open","ping_status":"open","sticky":false,"template":"","format":"standard","meta":{"footnotes":""},"categories":[44],"tags":[],"class_list":["post-15472","post","type-post","status-publish","format-standard","has-post-thumbnail","hentry","category-republica-dominicana"],"_links":{"self":[{"href":"https:\/\/2horizontes.com\/index.php?rest_route=\/wp\/v2\/posts\/15472","targetHints":{"allow":["GET"]}}],"collection":[{"href":"https:\/\/2horizontes.com\/index.php?rest_route=\/wp\/v2\/posts"}],"about":[{"href":"https:\/\/2horizontes.com\/index.php?rest_route=\/wp\/v2\/types\/post"}],"author":[{"embeddable":true,"href":"https:\/\/2horizontes.com\/index.php?rest_route=\/wp\/v2\/users\/8"}],"replies":[{"embeddable":true,"href":"https:\/\/2horizontes.com\/index.php?rest_route=%2Fwp%2Fv2%2Fcomments&post=15472"}],"version-history":[{"count":1,"href":"https:\/\/2horizontes.com\/index.php?rest_route=\/wp\/v2\/posts\/15472\/revisions"}],"predecessor-version":[{"id":15474,"href":"https:\/\/2horizontes.com\/index.php?rest_route=\/wp\/v2\/posts\/15472\/revisions\/15474"}],"wp:featuredmedia":[{"embeddable":true,"href":"https:\/\/2horizontes.com\/index.php?rest_route=\/wp\/v2\/media\/15473"}],"wp:attachment":[{"href":"https:\/\/2horizontes.com\/index.php?rest_route=%2Fwp%2Fv2%2Fmedia&parent=15472"}],"wp:term":[{"taxonomy":"category","embeddable":true,"href":"https:\/\/2horizontes.com\/index.php?rest_route=%2Fwp%2Fv2%2Fcategories&post=15472"},{"taxonomy":"post_tag","embeddable":true,"href":"https:\/\/2horizontes.com\/index.php?rest_route=%2Fwp%2Fv2%2Ftags&post=15472"}],"curies":[{"name":"wp","href":"https:\/\/api.w.org\/{rel}","templated":true}]}}