{"id":15436,"date":"2015-07-07T17:44:40","date_gmt":"2015-07-07T16:44:40","guid":{"rendered":"http:\/\/2horizontes.com\/?p=15436"},"modified":"2015-07-07T17:44:40","modified_gmt":"2015-07-07T16:44:40","slug":"senado-constituye-comision-especial-para-defender-a-rd-de-ataques-internacionales","status":"publish","type":"post","link":"https:\/\/2horizontes.com\/?p=15436","title":{"rendered":"Senado constituye comisi\u00f3n especial para defender a RD de ataques internacionales"},"content":{"rendered":"<p>RD-SANTO DOMINGO-El Senado se constituy\u00f3 en comisi\u00f3n especial para defender a la Rep\u00fablica Dominicana ante los ataques de los distintos sectores, tanto de Hait\u00ed como de organismos internacionales, que alegan maltratos contra dominicanos de origen haitiano.<\/p>\n<p>En tal sentido, la comisi\u00f3n escuch\u00f3 hoy al presidente de la Junta Central Electoral (JCE), Roberto Rosario; al ministro de Interior y Polic\u00eda, Jos\u00e9 Ram\u00f3n (Monchy) Fadul; al canciller Andr\u00e9s Navarro; y al jefe del Ej\u00e9rcito, Rub\u00e9n Paulino Sem.<\/p>\n<p>Los funcionarios explicaron las medidas que se est\u00e1n tomando dentro de la aplicaci\u00f3n del Plan Nacional de Regularizaci\u00f3n de Extranjeros y la aplicaci\u00f3n de la sentencia 168-13 del Tribunal Constitucional.<\/p>\n<p>Esta iniciativa fue propuesta por el senador de Puerto Plata, Charlie Mariotti.<\/p>\n<p>El presidente de la comisi\u00f3n, el senador por Saman\u00e1 Prim Pujals, aleg\u00f3 que Rep\u00fablica Dominicana es v\u00edctima de una campa\u00f1a de descr\u00e9dito a nivel internacional.<\/p>\n<p>\u201cNosotros visitaremos distintos parlamentos para decirle la verdad de lo que est\u00e1 sucediendo. Las medidas que se est\u00e1n tomando son correctas y aqu\u00ed no hay ning\u00fan caso de violaci\u00f3n de derechos humanos\u201d, dijo el senador al inicio del encuentro que se celebra en uno de los salones del Senado.<\/p>\n<p>FUENTE : LISTIN DIARIO<\/p>\n","protected":false},"excerpt":{"rendered":"<p>RD-SANTO DOMINGO-El Senado se constituy\u00f3 en comisi\u00f3n especial para defender a la Rep\u00fablica Dominicana ante los ataques de los distintos sectores, tanto de Hait\u00ed como de organismos internacionales, que alegan maltratos contra dominicanos de origen haitiano. En tal sentido, la comisi\u00f3n escuch\u00f3 hoy al presidente de la Junta Central Electoral (JCE), Roberto Rosario; al ministro [&hellip;]<\/p>\n","protected":false},"author":8,"featured_media":15437,"comment_status":"open","ping_status":"open","sticky":false,"template":"","format":"standard","meta":{"footnotes":""},"categories":[43,44],"tags":[],"class_list":["post-15436","post","type-post","status-publish","format-standard","has-post-thumbnail","hentry","category-politica","category-republica-dominicana"],"_links":{"self":[{"href":"https:\/\/2horizontes.com\/index.php?rest_route=\/wp\/v2\/posts\/15436","targetHints":{"allow":["GET"]}}],"collection":[{"href":"https:\/\/2horizontes.com\/index.php?rest_route=\/wp\/v2\/posts"}],"about":[{"href":"https:\/\/2horizontes.com\/index.php?rest_route=\/wp\/v2\/types\/post"}],"author":[{"embeddable":true,"href":"https:\/\/2horizontes.com\/index.php?rest_route=\/wp\/v2\/users\/8"}],"replies":[{"embeddable":true,"href":"https:\/\/2horizontes.com\/index.php?rest_route=%2Fwp%2Fv2%2Fcomments&post=15436"}],"version-history":[{"count":1,"href":"https:\/\/2horizontes.com\/index.php?rest_route=\/wp\/v2\/posts\/15436\/revisions"}],"predecessor-version":[{"id":15438,"href":"https:\/\/2horizontes.com\/index.php?rest_route=\/wp\/v2\/posts\/15436\/revisions\/15438"}],"wp:featuredmedia":[{"embeddable":true,"href":"https:\/\/2horizontes.com\/index.php?rest_route=\/wp\/v2\/media\/15437"}],"wp:attachment":[{"href":"https:\/\/2horizontes.com\/index.php?rest_route=%2Fwp%2Fv2%2Fmedia&parent=15436"}],"wp:term":[{"taxonomy":"category","embeddable":true,"href":"https:\/\/2horizontes.com\/index.php?rest_route=%2Fwp%2Fv2%2Fcategories&post=15436"},{"taxonomy":"post_tag","embeddable":true,"href":"https:\/\/2horizontes.com\/index.php?rest_route=%2Fwp%2Fv2%2Ftags&post=15436"}],"curies":[{"name":"wp","href":"https:\/\/api.w.org\/{rel}","templated":true}]}}