{"id":15433,"date":"2015-07-07T17:36:49","date_gmt":"2015-07-07T16:36:49","guid":{"rendered":"http:\/\/2horizontes.com\/?p=15433"},"modified":"2015-07-07T17:36:49","modified_gmt":"2015-07-07T16:36:49","slug":"meteorologia-pronostica-aguaceros-y-tronadas-en-horas-de-la-tarde-en-rd","status":"publish","type":"post","link":"https:\/\/2horizontes.com\/?p=15433","title":{"rendered":"Meteorolog\u00eda pronostica aguaceros y tronadas en horas de la tarde en RD"},"content":{"rendered":"<p>RD-SANTO DOMINGO-La Oficina Nacional de Meteorolog\u00eda (ONAMET) inform\u00f3 hoy que durante las horas matutinas prevalecer\u00e1 un ambiente meteorol\u00f3gico\u00a0 relativamente tranquilo en toda la geograf\u00eda nacional, donde no se espera actividad de lluvias; sin embargo, en horas de la tarde volver\u00e1n a ocurrir aguaceros con tormentas el\u00e9ctricas, debido a la incidencia que tiene una vaguada en los niveles superiores.<\/p>\n<p>Comunic\u00f3 que tambi\u00e9n estar\u00e1n incidiendo para que se generen dichos aguaceros los efectos locales (calentamiento y orograf\u00eda), los mismos estar\u00e1n m\u00e1s concentrados hacia Monte Plata, El\u00edas Pi\u00f1a, Santiago, Mar\u00eda Trinidad S\u00e1nchez, Duarte, Dajabon y Santiago Rodr\u00edguez. Por otro lado, una onda tropical se estar\u00e1 moviendo por aguas del mar Caribe sin afectar directamente las condiciones locales.<\/p>\n<p>Dijo que para las pr\u00f3ximas 48 horas las condiciones meteorol\u00f3gicas sobre el territorio nacional permanecer\u00e1n con pocas variaciones. Otra onda tropical se mover\u00e1 por el sur del pa\u00eds sin afectar directamente las condiciones locales, sin embargo, los aguaceros y tronadas que se observaran hacia el Centro, Los Haitises y la zona fronteriza ser\u00e1n causados por los efectos locales, la humedad transportada por del viento del sureste y las altas temperaturas, a esto tambi\u00e9n se sumara la incidencia de la vaguada que se manifiesta sobre el pa\u00eds en los niveles altos.<\/p>\n<p>En el Gran Santo Domingo la \u00a0temperatura m\u00e1xima estar\u00e1 entre\u00a0 32\u00baC y 34\u00baC\u00a0 y la m\u00ednima entre 22\u00baC y 23\u00baC.<\/p>\n","protected":false},"excerpt":{"rendered":"<p>RD-SANTO DOMINGO-La Oficina Nacional de Meteorolog\u00eda (ONAMET) inform\u00f3 hoy que durante las horas matutinas prevalecer\u00e1 un ambiente meteorol\u00f3gico\u00a0 relativamente tranquilo en toda la geograf\u00eda nacional, donde no se espera actividad de lluvias; sin embargo, en horas de la tarde volver\u00e1n a ocurrir aguaceros con tormentas el\u00e9ctricas, debido a la incidencia que tiene una vaguada en [&hellip;]<\/p>\n","protected":false},"author":8,"featured_media":15434,"comment_status":"open","ping_status":"open","sticky":false,"template":"","format":"standard","meta":{"footnotes":""},"categories":[44],"tags":[],"class_list":["post-15433","post","type-post","status-publish","format-standard","has-post-thumbnail","hentry","category-republica-dominicana"],"_links":{"self":[{"href":"https:\/\/2horizontes.com\/index.php?rest_route=\/wp\/v2\/posts\/15433","targetHints":{"allow":["GET"]}}],"collection":[{"href":"https:\/\/2horizontes.com\/index.php?rest_route=\/wp\/v2\/posts"}],"about":[{"href":"https:\/\/2horizontes.com\/index.php?rest_route=\/wp\/v2\/types\/post"}],"author":[{"embeddable":true,"href":"https:\/\/2horizontes.com\/index.php?rest_route=\/wp\/v2\/users\/8"}],"replies":[{"embeddable":true,"href":"https:\/\/2horizontes.com\/index.php?rest_route=%2Fwp%2Fv2%2Fcomments&post=15433"}],"version-history":[{"count":1,"href":"https:\/\/2horizontes.com\/index.php?rest_route=\/wp\/v2\/posts\/15433\/revisions"}],"predecessor-version":[{"id":15435,"href":"https:\/\/2horizontes.com\/index.php?rest_route=\/wp\/v2\/posts\/15433\/revisions\/15435"}],"wp:featuredmedia":[{"embeddable":true,"href":"https:\/\/2horizontes.com\/index.php?rest_route=\/wp\/v2\/media\/15434"}],"wp:attachment":[{"href":"https:\/\/2horizontes.com\/index.php?rest_route=%2Fwp%2Fv2%2Fmedia&parent=15433"}],"wp:term":[{"taxonomy":"category","embeddable":true,"href":"https:\/\/2horizontes.com\/index.php?rest_route=%2Fwp%2Fv2%2Fcategories&post=15433"},{"taxonomy":"post_tag","embeddable":true,"href":"https:\/\/2horizontes.com\/index.php?rest_route=%2Fwp%2Fv2%2Ftags&post=15433"}],"curies":[{"name":"wp","href":"https:\/\/api.w.org\/{rel}","templated":true}]}}