{"id":15430,"date":"2015-07-07T17:32:28","date_gmt":"2015-07-07T16:32:28","guid":{"rendered":"http:\/\/2horizontes.com\/?p=15430"},"modified":"2015-07-07T17:32:28","modified_gmt":"2015-07-07T16:32:28","slug":"proyecto-alerta-joven-celebra-tercera-graduacion-en-rd","status":"publish","type":"post","link":"https:\/\/2horizontes.com\/?p=15430","title":{"rendered":"Proyecto alerta joven celebra tercera graduaci\u00f3n en RD"},"content":{"rendered":"<p>RD-El Proyecto Alerta Joven, celebr\u00f3 su tercera graduaci\u00f3n, en una solemne ceremonia celebrada en la Sala de Teatro de la Universidad Cat\u00f3lica Nordestana (UCNE), donde unos 481 adolescentes recibieron certificado de participaci\u00f3n\u00a0 en los diferentes programas de formaci\u00f3n y orientaci\u00f3n vocacional.<\/p>\n<p>Alerta Joven, es financiado por la USAID (Agencia de los Estados Unidos para el Desarrollo Internacional), por sus siglas en ingl\u00e9s y es dirigido en la Rep\u00fablica Dominicana por Entrena, SRL. El proyecto tiene como lema \u201cPor un mundo libre de crimen y violencia\u201d.<\/p>\n<p>Los participantes concluyeron el programa educativo de nueve meses, en el cual se le instruy\u00f3 con una rutina diaria bajo la metodolog\u00eda educativa Quantum Learning.<\/p>\n<p>Tambi\u00e9n participaron en los cursos\u00a0 t\u00e9cnicos vocacionales, entre estos ingl\u00e9s elemental y de emprendimiento y empleabilidad,<\/p>\n<p>Los graduados pertenecen a los centros educativos ErciliaPep\u00ecn, Liceo Sur y el club Nueva Esperanza del sector Vista al Valle.<\/p>\n<p>En el marco de la actividad la Universidad Cat\u00f3lica Nordestana (UCNE) y la Direcci\u00f3n Regional del Ministerio de Educaci\u00f3n, firmaron un convenio, para el fortalecimiento de cada uno de los componentes del programa.<\/p>\n<p>La ceremonia de graduaci\u00f3n se inici\u00f3 con las palabras de invocaci\u00f3n a cargado del reverendo padre doctor Isaac Garc\u00eda de la Cruz, asistente del Rector de la UCNE, en tanto que las palabras de bienvenida fueron pronunciadas por el licenciado Florencio de la Cruz, Director de Proyectos.<\/p>\n<p>La actividad cont\u00f3 con la presencia del Rector de la Universidad Cat\u00f3lica Nordestana (UCNE), Monse\u00f1or Fausto Mej\u00eda Vallejo; el reverendo padre doctor Isaac Garc\u00eda de la Cruz, asistente del Rector de la UCNE, el director de la Regional del Ministerio de Educaci\u00f3n 07, licenciado.<\/p>\n<p>Juan Victorio, la gobernadora de la provincia Duarte, ingeniera Miledys N\u00fa\u00f1ez; licenciada Esther Fr\u00edas, especialista en educaci\u00f3n del proyecto Alerta Joven; arquitecta ZamiraAsilis, Vicerrectora de Post Grado de la UCNE; licenciado Lu\u00eds Ferm\u00edn Tejada, miembro de la junta de directores; el doctor Mart\u00edn Ortega Then,\u00a0 Vicerrector Acad\u00e9mico de la UCNE y el licenciado Florencio de la Cruz, director de proyectos del centro de estudios superiores, entre otros.<\/p>\n","protected":false},"excerpt":{"rendered":"<p>RD-El Proyecto Alerta Joven, celebr\u00f3 su tercera graduaci\u00f3n, en una solemne ceremonia celebrada en la Sala de Teatro de la Universidad Cat\u00f3lica Nordestana (UCNE), donde unos 481 adolescentes recibieron certificado de participaci\u00f3n\u00a0 en los diferentes programas de formaci\u00f3n y orientaci\u00f3n vocacional. Alerta Joven, es financiado por la USAID (Agencia de los Estados Unidos para el [&hellip;]<\/p>\n","protected":false},"author":8,"featured_media":15431,"comment_status":"open","ping_status":"open","sticky":false,"template":"","format":"standard","meta":{"footnotes":""},"categories":[62,55,44],"tags":[],"class_list":["post-15430","post","type-post","status-publish","format-standard","has-post-thumbnail","hentry","category-cultura","category-educacion","category-republica-dominicana"],"_links":{"self":[{"href":"https:\/\/2horizontes.com\/index.php?rest_route=\/wp\/v2\/posts\/15430","targetHints":{"allow":["GET"]}}],"collection":[{"href":"https:\/\/2horizontes.com\/index.php?rest_route=\/wp\/v2\/posts"}],"about":[{"href":"https:\/\/2horizontes.com\/index.php?rest_route=\/wp\/v2\/types\/post"}],"author":[{"embeddable":true,"href":"https:\/\/2horizontes.com\/index.php?rest_route=\/wp\/v2\/users\/8"}],"replies":[{"embeddable":true,"href":"https:\/\/2horizontes.com\/index.php?rest_route=%2Fwp%2Fv2%2Fcomments&post=15430"}],"version-history":[{"count":1,"href":"https:\/\/2horizontes.com\/index.php?rest_route=\/wp\/v2\/posts\/15430\/revisions"}],"predecessor-version":[{"id":15432,"href":"https:\/\/2horizontes.com\/index.php?rest_route=\/wp\/v2\/posts\/15430\/revisions\/15432"}],"wp:featuredmedia":[{"embeddable":true,"href":"https:\/\/2horizontes.com\/index.php?rest_route=\/wp\/v2\/media\/15431"}],"wp:attachment":[{"href":"https:\/\/2horizontes.com\/index.php?rest_route=%2Fwp%2Fv2%2Fmedia&parent=15430"}],"wp:term":[{"taxonomy":"category","embeddable":true,"href":"https:\/\/2horizontes.com\/index.php?rest_route=%2Fwp%2Fv2%2Fcategories&post=15430"},{"taxonomy":"post_tag","embeddable":true,"href":"https:\/\/2horizontes.com\/index.php?rest_route=%2Fwp%2Fv2%2Ftags&post=15430"}],"curies":[{"name":"wp","href":"https:\/\/api.w.org\/{rel}","templated":true}]}}