{"id":15413,"date":"2015-07-07T12:06:08","date_gmt":"2015-07-07T11:06:08","guid":{"rendered":"http:\/\/2horizontes.com\/?p=15413"},"modified":"2015-07-07T12:07:08","modified_gmt":"2015-07-07T11:07:08","slug":"el-regreso-de-will-smith-a-la-musica","status":"publish","type":"post","link":"https:\/\/2horizontes.com\/?p=15413","title":{"rendered":"Will Smith regresa a la m\u00fasica"},"content":{"rendered":"<p>Will Smith est\u00e1 preparado para volver a la m\u00fasica. Y el actor lo va a hacer a lo grande. La primera confirmaci\u00f3n de su regreso fue la colaboraci\u00f3n de Kanye West. Un pack que puede darnos m\u00e1s de una alegr\u00eda.<\/p>\n<p>Pero, no es la \u00fanica figura que participara en la creaci\u00f3n de este nuevo \u00e1lbum. El actor reconoce que est\u00e1 experimentando y que no sabe qu\u00e9 camino ser\u00e1 el definitivo. Como ayudante tiene a su hijo Jaden que le dice qu\u00e9 le gusta y qu\u00e9 es un completo desastre.<\/p>\n<p>Pero, la \u00faltima joya de la corona es confirmar que Drake participar\u00e1 en este proyecto y crear\u00e1 alg\u00fan temazo para Smith. \u00bfQu\u00e9 puede salir de esta uni\u00f3n? \u00bfTienes ganas?<\/p>\n<p>mtv<\/p>\n","protected":false},"excerpt":{"rendered":"<p>Will Smith est\u00e1 preparado para volver a la m\u00fasica. Y el actor lo va a hacer a lo grande. La primera confirmaci\u00f3n de su regreso fue la colaboraci\u00f3n de Kanye West. Un pack que puede darnos m\u00e1s de una alegr\u00eda. Pero, no es la \u00fanica figura que participara en la creaci\u00f3n de este nuevo \u00e1lbum. [&hellip;]<\/p>\n","protected":false},"author":3,"featured_media":15414,"comment_status":"open","ping_status":"open","sticky":false,"template":"","format":"standard","meta":{"footnotes":""},"categories":[1],"tags":[],"class_list":["post-15413","post","type-post","status-publish","format-standard","has-post-thumbnail","hentry","category-entretenimiento"],"_links":{"self":[{"href":"https:\/\/2horizontes.com\/index.php?rest_route=\/wp\/v2\/posts\/15413","targetHints":{"allow":["GET"]}}],"collection":[{"href":"https:\/\/2horizontes.com\/index.php?rest_route=\/wp\/v2\/posts"}],"about":[{"href":"https:\/\/2horizontes.com\/index.php?rest_route=\/wp\/v2\/types\/post"}],"author":[{"embeddable":true,"href":"https:\/\/2horizontes.com\/index.php?rest_route=\/wp\/v2\/users\/3"}],"replies":[{"embeddable":true,"href":"https:\/\/2horizontes.com\/index.php?rest_route=%2Fwp%2Fv2%2Fcomments&post=15413"}],"version-history":[{"count":2,"href":"https:\/\/2horizontes.com\/index.php?rest_route=\/wp\/v2\/posts\/15413\/revisions"}],"predecessor-version":[{"id":15416,"href":"https:\/\/2horizontes.com\/index.php?rest_route=\/wp\/v2\/posts\/15413\/revisions\/15416"}],"wp:featuredmedia":[{"embeddable":true,"href":"https:\/\/2horizontes.com\/index.php?rest_route=\/wp\/v2\/media\/15414"}],"wp:attachment":[{"href":"https:\/\/2horizontes.com\/index.php?rest_route=%2Fwp%2Fv2%2Fmedia&parent=15413"}],"wp:term":[{"taxonomy":"category","embeddable":true,"href":"https:\/\/2horizontes.com\/index.php?rest_route=%2Fwp%2Fv2%2Fcategories&post=15413"},{"taxonomy":"post_tag","embeddable":true,"href":"https:\/\/2horizontes.com\/index.php?rest_route=%2Fwp%2Fv2%2Ftags&post=15413"}],"curies":[{"name":"wp","href":"https:\/\/api.w.org\/{rel}","templated":true}]}}