{"id":15397,"date":"2015-07-07T11:23:15","date_gmt":"2015-07-07T10:23:15","guid":{"rendered":"http:\/\/2horizontes.com\/?p=15397"},"modified":"2015-07-07T11:23:15","modified_gmt":"2015-07-07T10:23:15","slug":"gobierno-de-puerto-rico-nuestra-realidad-es-diferente-a-la-de-grecia","status":"publish","type":"post","link":"https:\/\/2horizontes.com\/?p=15397","title":{"rendered":"Gobierno de Puerto Rico: nuestra realidad es diferente a la de Grecia"},"content":{"rendered":"<div id=\"ArticleAuthorDiv\" class=\"article-body-author\"><b>EFE<\/b><\/div>\n<div id=\"ArticleSourceDiv\" class=\"article-body-author\"><b>San Juan<\/b><\/div>\n<div id=\"ArticleBody\">\n<p>El Gobierno de Puerto Rico dijo hoy que la realidad puertorrique\u00f1a es diferente a la de Grecia y asegur\u00f3 que su estrategia pasa por abrir un proceso de reestructuraci\u00f3n de la deuda \u00abordenado y voluntario\u00bb con sus acreedores.<\/p>\n<p>\u00abNuestra realidad es diferente a la de Grecia en muchos sentidos, desde la estructura de nuestra deuda hasta la capacidad de pago, pasando por nuestro crecimiento econ\u00f3mico\u00bb, dijo el secretario de la Gobernaci\u00f3n de Puerto Rico, V\u00edctor Su\u00e1rez.<\/p>\n<p>Un d\u00eda despu\u00e9s de que los griegos rechazaran en un refer\u00e9ndum las condiciones presentadas por los acreedores internacionales para prolongar la ayuda financiera, Su\u00e1rez descart\u00f3 que el Gobierno de Puerto Rico se haya planteado alg\u00fan tipo de consulta popular sobre esta materia.<\/p>\n<p>\u00abNosotros tenemos nuestros propios problemas y los estamos atendiendo como nosotros entendemos que debemos hacerlo\u00bb, a\u00f1adi\u00f3.<\/p>\n<p>Hace una semana el gobernador de Puerto Rico, Alejandro Garc\u00eda Padilla, reconoci\u00f3 que a la isla le resulta \u00abinsostenible\u00bb el pago de la deuda en los t\u00e9rminos actuales, por lo que llam\u00f3 a los acreedores a sentarse a negociar una moratoria de varios a\u00f1os que le permita sentar las bases para recuperar el crecimiento econ\u00f3mico.<\/p>\n<p>En opini\u00f3n de Su\u00e1rez, la principal diferencia con la situaci\u00f3n griega es que \u00abnosotros pretendemos que haya un proceso ordenado y voluntario\u00bb de negociaci\u00f3n con los acreedores.<\/p>\n<p>En cuanto a posibles similitudes, \u00fanicamente concedi\u00f3 que la posici\u00f3n del Gobierno de Puerto Rico es que \u00abdebe mantener los servicios p\u00fablicos esenciales y necesita crecimiento econ\u00f3mico para atender el nivel de deuda\u00bb.<\/p>\n<p>\u00abPara lograr eso, hay que renegociar los t\u00e9rminos del pago de la deuda\u00bb, de forma que \u00abno vamos a dejar de pagar nuestra deuda, sino que queremos cambiar las condiciones para poder impulsar el crecimiento econ\u00f3mico y as\u00ed luego poder atender los pagos\u00bb, dijo.<\/p>\n<p>Consultado sobre si considera que la situaci\u00f3n de Puerto Rico es tan \u00abasfixiante\u00bb como la de Grecia, dijo que \u00abpuede ser igual de compleja en t\u00e9rminos del nivel de deuda\u00bb.<\/p>\n<p>La deuda de Grecia, pa\u00eds con 11 millones de habitantes, asciende a unos 360.000 millones de d\u00f3lares y est\u00e1 sobre todo en manos de otros pa\u00edses de la zona euro, mientras la de Puerto Rico, con 3,5 millones de habitantes, es de 73.000 millones de d\u00f3lares y est\u00e1 controlada sobre todo por fondos de inversi\u00f3n estadounidenses.<\/p>\n<p>Su\u00e1rez reiter\u00f3 que las soluciones las van a decidir los puertorrique\u00f1os y descart\u00f3 la posibilidad de una enmienda de la Constituci\u00f3n, que incluye un art\u00edculo en el que se garantiza el reembolso de las obligaciones generales antes que cualquier otro gasto.<\/p>\n<p>Las obligaciones generales de este Estado Libre Asociado a EE.UU. son los \u00fanicos instrumentos de deuda que est\u00e1n garantizados por la Constituci\u00f3n de Puerto Rico, lo que quiere decir que el Gobierno tiene la obligaci\u00f3n constitucional de dar prioridad a su pago por encima de cualquier otro gasto p\u00fablico.<\/p>\n<\/div>\n","protected":false},"excerpt":{"rendered":"<p>EFE San Juan El Gobierno de Puerto Rico dijo hoy que la realidad puertorrique\u00f1a es diferente a la de Grecia y asegur\u00f3 que su estrategia pasa por abrir un proceso de reestructuraci\u00f3n de la deuda \u00abordenado y voluntario\u00bb con sus acreedores. \u00abNuestra realidad es diferente a la de Grecia en muchos sentidos, desde la estructura [&hellip;]<\/p>\n","protected":false},"author":7,"featured_media":15398,"comment_status":"open","ping_status":"open","sticky":false,"template":"","format":"standard","meta":{"footnotes":""},"categories":[40,43],"tags":[],"class_list":["post-15397","post","type-post","status-publish","format-standard","has-post-thumbnail","hentry","category-internacionales","category-politica"],"_links":{"self":[{"href":"https:\/\/2horizontes.com\/index.php?rest_route=\/wp\/v2\/posts\/15397","targetHints":{"allow":["GET"]}}],"collection":[{"href":"https:\/\/2horizontes.com\/index.php?rest_route=\/wp\/v2\/posts"}],"about":[{"href":"https:\/\/2horizontes.com\/index.php?rest_route=\/wp\/v2\/types\/post"}],"author":[{"embeddable":true,"href":"https:\/\/2horizontes.com\/index.php?rest_route=\/wp\/v2\/users\/7"}],"replies":[{"embeddable":true,"href":"https:\/\/2horizontes.com\/index.php?rest_route=%2Fwp%2Fv2%2Fcomments&post=15397"}],"version-history":[{"count":1,"href":"https:\/\/2horizontes.com\/index.php?rest_route=\/wp\/v2\/posts\/15397\/revisions"}],"predecessor-version":[{"id":15399,"href":"https:\/\/2horizontes.com\/index.php?rest_route=\/wp\/v2\/posts\/15397\/revisions\/15399"}],"wp:featuredmedia":[{"embeddable":true,"href":"https:\/\/2horizontes.com\/index.php?rest_route=\/wp\/v2\/media\/15398"}],"wp:attachment":[{"href":"https:\/\/2horizontes.com\/index.php?rest_route=%2Fwp%2Fv2%2Fmedia&parent=15397"}],"wp:term":[{"taxonomy":"category","embeddable":true,"href":"https:\/\/2horizontes.com\/index.php?rest_route=%2Fwp%2Fv2%2Fcategories&post=15397"},{"taxonomy":"post_tag","embeddable":true,"href":"https:\/\/2horizontes.com\/index.php?rest_route=%2Fwp%2Fv2%2Ftags&post=15397"}],"curies":[{"name":"wp","href":"https:\/\/api.w.org\/{rel}","templated":true}]}}