{"id":15390,"date":"2015-07-07T11:09:19","date_gmt":"2015-07-07T10:09:19","guid":{"rendered":"http:\/\/2horizontes.com\/?p=15390"},"modified":"2015-07-07T11:09:19","modified_gmt":"2015-07-07T10:09:19","slug":"aprobacion-a-bachelet-se-situa-en-27-la-mas-baja-de-sus-dos-mandatos","status":"publish","type":"post","link":"https:\/\/2horizontes.com\/?p=15390","title":{"rendered":"Aprobaci\u00f3n a Bachelet se sit\u00faa en 27 %, la m\u00e1s baja de sus dos mandatos"},"content":{"rendered":"<div id=\"ArticleAuthorDiv\" class=\"article-body-author\"><b>EFE<\/b><\/div>\n<div id=\"ArticleSourceDiv\" class=\"article-body-author\"><b>Santiago de Chile<\/b><\/div>\n<div id=\"ArticleBody\">\n<p>La aprobaci\u00f3n de la presidenta chilena, Michelle Bachelet, se situ\u00f3 en junio en un 27 %, el porcentaje m\u00e1s bajo del actual mandato y del anterior (2006-2010), inform\u00f3 la firma encuestadora Adimark.<\/p>\n<p>Adem\u00e1s, la evaluaci\u00f3n del gobierno en su conjunto lleg\u00f3 a su peor nivel en toda la serie hist\u00f3rica iniciada en 2006. En junio, un 22 % aprob\u00f3 la gesti\u00f3n del gobierno y un 73 % la rechaz\u00f3.<\/p>\n<p>El mes pasado la aprobaci\u00f3n de la mandataria baj\u00f3 dos puntos respecto al mes anterior, los mismos que subi\u00f3 el rechazo, que lleg\u00f3 al 68 % en junio, seg\u00fan el sondeo.<\/p>\n<p>Ante los d\u00e9biles resultados de la encuesta, el portavoz de Gobierno, Marcelo D\u00edaz, coment\u00f3 que el Ejecutivo debe redoblar sus esfuerzos para mejorar la gesti\u00f3n.<\/p>\n<p>\u00abNosotros las miramos todas (las encuestas), sin excepci\u00f3n, lo hacemos con humildad y con la claridad de que debemos mejorar nuestra gesti\u00f3n, tenemos que ser capaces de hacer las cosas de manera de contar con la m\u00e1xima adhesi\u00f3n de los ciudadanos\u00bb, indic\u00f3.<\/p>\n<p>\u00abNo son cifras que nos gustan, sinceramente, pero est\u00e1n ah\u00ed y lo que tenemos que hacer es redoblar el esfuerzo y tomarlas como un aliciente para mejorar nuestra capacidad de gesti\u00f3n\u00bb, a\u00f1adi\u00f3 D\u00edaz.<\/p>\n<p>En junio todos los apartados de la evaluaci\u00f3n de la presidenta continuaron con calificaciones positivas inferiores al 50 %.<\/p>\n<p>El cambio m\u00e1s importante es que en los meses pasados los apartados \u00abgenera confianza\u00bb y \u00abes cre\u00edble\u00bb eran los que m\u00e1s se deterioraban.<\/p>\n<p>Ahora los que m\u00e1s bajaron fueron \u00abcuenta con capacidad para solucionar los problemas del pa\u00eds\u00bb, \u00abes activa y en\u00e9rgica\u00bb y \u00abcuenta con capacidad para enfrentar situaciones de crisis\u00bb.<\/p>\n<p>El estudio se\u00f1ala que pese a la Copa Am\u00e9rica 2015, que se disput\u00f3 en Chile entre el 11 de junio y el 4 julio y que acapar\u00f3 gran parte del acontecer noticioso, el gobierno se vio golpeado en ese per\u00edodo por varios episodios, entre ellos la renuncia del ministro de la Secretar\u00eda General de la Presidencia a menos de un mes de haber asumido.<\/p>\n<p>Ese cargo se mantuvo vacante hasta casi el t\u00e9rmino de junio. cuando fue designado en su reemplazo el ex titular de Educaci\u00f3n Nicol\u00e1s Eyzaguirre.<\/p>\n<p>En cuanto al Gobierno, salvo \u00abrelaciones internacionales\u00bb, todas las \u00e1reas de gesti\u00f3n evaluadas mostraron una desaprobaci\u00f3n igual o superior al 60 %. Entre las \u00e1reas peor evaluadas se contaron delincuencia, corrupci\u00f3n en organismos del Estado y transporte p\u00fablico.<\/p>\n<p>Desde la oficialista coalici\u00f3n Nueva Mayor\u00eda, que anot\u00f3 una aprobaci\u00f3n de 18 % ciento y un 74 % de rechazo, tambi\u00e9n reconocieron que estas cifras bajas se deben revertir mejorando el accionar del gobierno.<\/p>\n<p>La presidenta del Partido Socialista, Isabel Allende, sostuvo que \u00abevidentemente las cifras hace rato no nos acompa\u00f1an, estamos convencidos que ser\u00e1 posible revertirlo en la medida que vayamos ganando de nuevo la confianza de la ciudadan\u00eda\u00bb.<\/p>\n<p>En la opositora Alianza de derecha, que obtuvo un 13 % de apoyo y un 79 % de desaprobaci\u00f3n, el an\u00e1lisis fue que el \u00abgobierno debe enmendar el camino\u00bb.<\/p>\n<p>\u00abCreo que para Chile son s\u00faper preocupantes (los resultados de la encuesta). Yo soy oposici\u00f3n pero no quiero que al pa\u00eds le vaya mal y cuando uno habla de este nivel de desaprobaci\u00f3n tiene que decir qu\u00e9 ha ocurrido y a mi juicio es claro: la receta ha funcionado mal\u00bb, opin\u00f3 el senador de la Uni\u00f3n Dem\u00f3crata Independiente (UDI), Juan Antonio Coloma.<\/p>\n<p>El universo de la encuesta Adimark est\u00e1 compuesto por mayores de 18 a\u00f1os con acceso a tel\u00e9fono de red fija o celulares en los principales centros urbanos de las 15 regiones del pa\u00eds.<\/p>\n<p>El error se estima en aproximadamente +\/- 3,0 % con un 95% de confianza.<\/p>\n<\/div>\n","protected":false},"excerpt":{"rendered":"<p>EFE Santiago de Chile La aprobaci\u00f3n de la presidenta chilena, Michelle Bachelet, se situ\u00f3 en junio en un 27 %, el porcentaje m\u00e1s bajo del actual mandato y del anterior (2006-2010), inform\u00f3 la firma encuestadora Adimark. Adem\u00e1s, la evaluaci\u00f3n del gobierno en su conjunto lleg\u00f3 a su peor nivel en toda la serie hist\u00f3rica iniciada [&hellip;]<\/p>\n","protected":false},"author":7,"featured_media":15391,"comment_status":"open","ping_status":"open","sticky":false,"template":"","format":"standard","meta":{"footnotes":""},"categories":[40,43],"tags":[],"class_list":["post-15390","post","type-post","status-publish","format-standard","has-post-thumbnail","hentry","category-internacionales","category-politica"],"_links":{"self":[{"href":"https:\/\/2horizontes.com\/index.php?rest_route=\/wp\/v2\/posts\/15390","targetHints":{"allow":["GET"]}}],"collection":[{"href":"https:\/\/2horizontes.com\/index.php?rest_route=\/wp\/v2\/posts"}],"about":[{"href":"https:\/\/2horizontes.com\/index.php?rest_route=\/wp\/v2\/types\/post"}],"author":[{"embeddable":true,"href":"https:\/\/2horizontes.com\/index.php?rest_route=\/wp\/v2\/users\/7"}],"replies":[{"embeddable":true,"href":"https:\/\/2horizontes.com\/index.php?rest_route=%2Fwp%2Fv2%2Fcomments&post=15390"}],"version-history":[{"count":1,"href":"https:\/\/2horizontes.com\/index.php?rest_route=\/wp\/v2\/posts\/15390\/revisions"}],"predecessor-version":[{"id":15392,"href":"https:\/\/2horizontes.com\/index.php?rest_route=\/wp\/v2\/posts\/15390\/revisions\/15392"}],"wp:featuredmedia":[{"embeddable":true,"href":"https:\/\/2horizontes.com\/index.php?rest_route=\/wp\/v2\/media\/15391"}],"wp:attachment":[{"href":"https:\/\/2horizontes.com\/index.php?rest_route=%2Fwp%2Fv2%2Fmedia&parent=15390"}],"wp:term":[{"taxonomy":"category","embeddable":true,"href":"https:\/\/2horizontes.com\/index.php?rest_route=%2Fwp%2Fv2%2Fcategories&post=15390"},{"taxonomy":"post_tag","embeddable":true,"href":"https:\/\/2horizontes.com\/index.php?rest_route=%2Fwp%2Fv2%2Ftags&post=15390"}],"curies":[{"name":"wp","href":"https:\/\/api.w.org\/{rel}","templated":true}]}}