{"id":15339,"date":"2015-07-07T03:47:58","date_gmt":"2015-07-07T02:47:58","guid":{"rendered":"http:\/\/2horizontes.com\/?p=15339"},"modified":"2015-07-07T03:47:58","modified_gmt":"2015-07-07T02:47:58","slug":"aspirante-a-alcaldia-fermin-brito-realiza-caravana-en-boca-chica-rd","status":"publish","type":"post","link":"https:\/\/2horizontes.com\/?p=15339","title":{"rendered":"Aspirante a alcald\u00eda Ferm\u00edn Brito realiza caravana en Boca Chica RD"},"content":{"rendered":"<p>RD-BOCA CHICA.- El aspirante a alcalde por el Partido de la Liberaci\u00f3n Dominicana, Ferm\u00edn Brito, encabez\u00f3 una caravana que atrajo a una enorme cantidad de comunitarios y a m\u00e1s de treinta movimientos del sector externo del PLD que, \u00a0bandera en mano, expresaban con consignas respaldo a su candidatura.<\/p>\n<p>La caravana parti\u00f3 de la entrada de Brisas de Caucedo y recorri\u00f3 los barrios perif\u00e9ricos y comunidades de Boca Chica, La Caleta, Los Coquitos, Andr\u00e9s, El Valiente, Monte Adentro, Los Coquitos y Bella Vista, entre otros.<\/p>\n<p>Al t\u00e9rmino de la caravana, Brito describi\u00f3 el recorrido como \u00e9xitoso y ordenado, y valor\u00f3 como positivo el respaldo que le expresaron los pobladores de Boca Chica, quienes exigen \u00a0un cambio en la direcci\u00f3n de la \u00a0Alcald\u00eda.<\/p>\n<p>\u201cEsto ha sido algo hist\u00f3rico, porque nunca antes en la historia del municipio se hab\u00eda realizado una caravana de esa magnitud\u201d, expres\u00f3.<\/p>\n<p>Manifest\u00f3 que esa actividad es el resultado de una serie de esfuerzos concentrados, operativos m\u00e9dicos, visitas domiciliarias, mano a mano, presentaci\u00f3n de su programa municipal, reuniones con los comunitarios y una concentraci\u00f3n multitudinaria que se realiz\u00f3 en Andr\u00e9s.<\/p>\n<p>Dijo que la la marcha fue en apoyo a la reelecci\u00f3n presidencial de Danilo Medina, quien realiza el mejor gobierno de la historia del pa\u00eds.<\/p>\n<p>Destac\u00f3 que el apoyo masivo dado por el pueblo a la caravana dice claramente \u00a0lo que han venido reflejando las encuestas que lo colocan como favorito con m\u00e1s de un 45% para ganar \u00a0las elecciones.<\/p>\n<p>Sostuvo que ha recibido un apoyo espont\u00e1neo del pueblo y los sectores sociales y comunitarios que est\u00e1n identificados con sus aspiraciones.<\/p>\n<p>Dijo que el pueblo se expres\u00f3 en las calles en bicicletas, motores, patanas carros y a pie.<\/p>\n","protected":false},"excerpt":{"rendered":"<p>RD-BOCA CHICA.- El aspirante a alcalde por el Partido de la Liberaci\u00f3n Dominicana, Ferm\u00edn Brito, encabez\u00f3 una caravana que atrajo a una enorme cantidad de comunitarios y a m\u00e1s de treinta movimientos del sector externo del PLD que, \u00a0bandera en mano, expresaban con consignas respaldo a su candidatura. La caravana parti\u00f3 de la entrada de [&hellip;]<\/p>\n","protected":false},"author":8,"featured_media":15340,"comment_status":"open","ping_status":"open","sticky":false,"template":"","format":"standard","meta":{"footnotes":""},"categories":[43,53],"tags":[],"class_list":["post-15339","post","type-post","status-publish","format-standard","has-post-thumbnail","hentry","category-politica","category-provincias"],"_links":{"self":[{"href":"https:\/\/2horizontes.com\/index.php?rest_route=\/wp\/v2\/posts\/15339","targetHints":{"allow":["GET"]}}],"collection":[{"href":"https:\/\/2horizontes.com\/index.php?rest_route=\/wp\/v2\/posts"}],"about":[{"href":"https:\/\/2horizontes.com\/index.php?rest_route=\/wp\/v2\/types\/post"}],"author":[{"embeddable":true,"href":"https:\/\/2horizontes.com\/index.php?rest_route=\/wp\/v2\/users\/8"}],"replies":[{"embeddable":true,"href":"https:\/\/2horizontes.com\/index.php?rest_route=%2Fwp%2Fv2%2Fcomments&post=15339"}],"version-history":[{"count":1,"href":"https:\/\/2horizontes.com\/index.php?rest_route=\/wp\/v2\/posts\/15339\/revisions"}],"predecessor-version":[{"id":15341,"href":"https:\/\/2horizontes.com\/index.php?rest_route=\/wp\/v2\/posts\/15339\/revisions\/15341"}],"wp:featuredmedia":[{"embeddable":true,"href":"https:\/\/2horizontes.com\/index.php?rest_route=\/wp\/v2\/media\/15340"}],"wp:attachment":[{"href":"https:\/\/2horizontes.com\/index.php?rest_route=%2Fwp%2Fv2%2Fmedia&parent=15339"}],"wp:term":[{"taxonomy":"category","embeddable":true,"href":"https:\/\/2horizontes.com\/index.php?rest_route=%2Fwp%2Fv2%2Fcategories&post=15339"},{"taxonomy":"post_tag","embeddable":true,"href":"https:\/\/2horizontes.com\/index.php?rest_route=%2Fwp%2Fv2%2Ftags&post=15339"}],"curies":[{"name":"wp","href":"https:\/\/api.w.org\/{rel}","templated":true}]}}