{"id":15333,"date":"2015-07-07T03:41:27","date_gmt":"2015-07-07T02:41:27","guid":{"rendered":"http:\/\/2horizontes.com\/?p=15333"},"modified":"2015-07-07T03:41:27","modified_gmt":"2015-07-07T02:41:27","slug":"reanudan-el-mercado-binacional-en-dajabon-pese-a-tensiones-rd-y-haiti","status":"publish","type":"post","link":"https:\/\/2horizontes.com\/?p=15333","title":{"rendered":"Reanudan el mercado binacional en Dajab\u00f3n, pese a tensiones RD y Haiti"},"content":{"rendered":"<p>RD- DAJABON- (EFE).- El mercado binacional que se celebra los lunes y viernes en Dajab\u00f3n, en la frontera entre Rep\u00fablica Dominicana y Hait\u00ed, se reanud\u00f3 hoy pese a la tensi\u00f3n existente a ra\u00edz por las denuncias del gobierno haitiano sobre supuestas deportaciones masivas de sus ciudadanos que viven en territorio dominicano.<\/p>\n<p>No obstante, Efe constat\u00f3 que hay menor cantidad de personas y que especialmente disminuy\u00f3 el n\u00famero de haitianos que presentes en la feria comercial.<\/p>\n<p>Comerciantes dominicanos dijeron que muchos haitianos est\u00e1n perdiendo el inter\u00e9s por comprar en el mercado binacional, porque haitianos apostados en los alrededores de su puerta fronteriza, \u201clos est\u00e1n despojando de los productos que adquieren\u201d.<\/p>\n<p>Asimismo, haitianos denunciaron que varios de sus compatriotas supuestamente les exigen dinero para permitir cruzar a su pa\u00eds con los art\u00edculos que compran y que a aquellos que se niegan hacerlo, \u201clos despoja de los mismos y se los destruyen\u201d.<\/p>\n<p>Subrayaron que de persistir esa situaci\u00f3n, el mercado binacional podr\u00eda fracasar en el futuro, porque hay mucho descontento entre los compradores y vendedores haitianos, dada la situaci\u00f3n que est\u00e1 ocurriendo los d\u00edas de feria en su frontera.<\/p>\n<p>De otro lado, aument\u00f3 hoy la cantidad de haitianos que siguen regresando de manera voluntaria a su pa\u00eds por no haber acogido al Plan de Regularizaci\u00f3n de extranjeros ilegales.<\/p>\n<p>Varios inmigrantes consultados por Efe que retornaban este lunes a su pa\u00eds con sus pertenencias, dijeron que, aunque reconocen que su futuro es incierto en Hait\u00ed, decidieron hacerlo as\u00ed.<\/p>\n<p>\u201cComo quiera nos van a repatriar, por eso hemos preferido hacerlo por voluntad propia\u201d, dijo a Efe Marlona Montol\u00edo, una inmigrante haitiana que retornaba a su pa\u00eds junto a otros de sus paisanos. EFE<\/p>\n","protected":false},"excerpt":{"rendered":"<p>RD- DAJABON- (EFE).- El mercado binacional que se celebra los lunes y viernes en Dajab\u00f3n, en la frontera entre Rep\u00fablica Dominicana y Hait\u00ed, se reanud\u00f3 hoy pese a la tensi\u00f3n existente a ra\u00edz por las denuncias del gobierno haitiano sobre supuestas deportaciones masivas de sus ciudadanos que viven en territorio dominicano. No obstante, Efe constat\u00f3 [&hellip;]<\/p>\n","protected":false},"author":8,"featured_media":15334,"comment_status":"open","ping_status":"open","sticky":false,"template":"","format":"standard","meta":{"footnotes":""},"categories":[53],"tags":[],"class_list":["post-15333","post","type-post","status-publish","format-standard","has-post-thumbnail","hentry","category-provincias"],"_links":{"self":[{"href":"https:\/\/2horizontes.com\/index.php?rest_route=\/wp\/v2\/posts\/15333","targetHints":{"allow":["GET"]}}],"collection":[{"href":"https:\/\/2horizontes.com\/index.php?rest_route=\/wp\/v2\/posts"}],"about":[{"href":"https:\/\/2horizontes.com\/index.php?rest_route=\/wp\/v2\/types\/post"}],"author":[{"embeddable":true,"href":"https:\/\/2horizontes.com\/index.php?rest_route=\/wp\/v2\/users\/8"}],"replies":[{"embeddable":true,"href":"https:\/\/2horizontes.com\/index.php?rest_route=%2Fwp%2Fv2%2Fcomments&post=15333"}],"version-history":[{"count":1,"href":"https:\/\/2horizontes.com\/index.php?rest_route=\/wp\/v2\/posts\/15333\/revisions"}],"predecessor-version":[{"id":15335,"href":"https:\/\/2horizontes.com\/index.php?rest_route=\/wp\/v2\/posts\/15333\/revisions\/15335"}],"wp:featuredmedia":[{"embeddable":true,"href":"https:\/\/2horizontes.com\/index.php?rest_route=\/wp\/v2\/media\/15334"}],"wp:attachment":[{"href":"https:\/\/2horizontes.com\/index.php?rest_route=%2Fwp%2Fv2%2Fmedia&parent=15333"}],"wp:term":[{"taxonomy":"category","embeddable":true,"href":"https:\/\/2horizontes.com\/index.php?rest_route=%2Fwp%2Fv2%2Fcategories&post=15333"},{"taxonomy":"post_tag","embeddable":true,"href":"https:\/\/2horizontes.com\/index.php?rest_route=%2Fwp%2Fv2%2Ftags&post=15333"}],"curies":[{"name":"wp","href":"https:\/\/api.w.org\/{rel}","templated":true}]}}