{"id":15329,"date":"2015-07-07T03:35:25","date_gmt":"2015-07-07T02:35:25","guid":{"rendered":"http:\/\/2horizontes.com\/?p=15329"},"modified":"2015-07-07T03:35:57","modified_gmt":"2015-07-07T02:35:57","slug":"la-carrera-de-alex-bueno-retoma-vuelo-como-cantante","status":"publish","type":"post","link":"https:\/\/2horizontes.com\/?p=15329","title":{"rendered":"La carrera de Alex Bueno retoma vuelo"},"content":{"rendered":"<p>RD- SANTO DOMINGO-Alex Bueno ha logrado posicionarse otra vez entre los int\u00e9rpretes del g\u00e9nero m\u00e1s activos en territorio norteamericano.El int\u00e9rprete de \u201cColegiala\u201d, \u201cLa radio\u201d, \u201cEl hijo m\u00edo\u201d y \u201cQue vuelva\u201d promueve en la radio su m\u00e1s reciente corte \u201cVuela\u201d, una bachata de la autor\u00eda de Brando Coicochea y arreglos, producci\u00f3n musical y concepto de Frasier Hern\u00e1ndez.<\/p>\n<p>Actualmente, \u201cEl Mayimbito\u201d, como se le conoce desde su pegada en los escenarios dominicanos y extranjeros en la d\u00e9cada del 80, realiza un periplo que lo ha llevado a mercados de Texas, California, La Florida, Carolina del Norte, Virginia, Alaska, Massachuset y Providence, entre otras plazas.<\/p>\n<p>\u201cHemos tenido un resurgir que nos tiene muy emocionados y entregado con amor y respeto a una profesi\u00f3n que nos ha dado much\u00edsimas satisfacciones, gracias al apoyo de los fan\u00e1ticos que siempre han estado pendientes de nuestra carrera\u201d, destac\u00f3 Alex Bueno, quien inform\u00f3 que estar\u00e1 de regreso en Rep\u00fablica Dominicana a final de a\u00f1o.<\/p>\n<p>Bajo la tutela del empresario Junior Almonte, Alex iniciar\u00e1 una gira por Chile, Colombia, El Salvador, Honduras, Canad\u00e1, Ecuador y Europa.<\/p>\n","protected":false},"excerpt":{"rendered":"<p>RD- SANTO DOMINGO-Alex Bueno ha logrado posicionarse otra vez entre los int\u00e9rpretes del g\u00e9nero m\u00e1s activos en territorio norteamericano.El int\u00e9rprete de \u201cColegiala\u201d, \u201cLa radio\u201d, \u201cEl hijo m\u00edo\u201d y \u201cQue vuelva\u201d promueve en la radio su m\u00e1s reciente corte \u201cVuela\u201d, una bachata de la autor\u00eda de Brando Coicochea y arreglos, producci\u00f3n musical y concepto de Frasier [&hellip;]<\/p>\n","protected":false},"author":8,"featured_media":15330,"comment_status":"open","ping_status":"open","sticky":false,"template":"","format":"standard","meta":{"footnotes":""},"categories":[1],"tags":[],"class_list":["post-15329","post","type-post","status-publish","format-standard","has-post-thumbnail","hentry","category-entretenimiento"],"_links":{"self":[{"href":"https:\/\/2horizontes.com\/index.php?rest_route=\/wp\/v2\/posts\/15329","targetHints":{"allow":["GET"]}}],"collection":[{"href":"https:\/\/2horizontes.com\/index.php?rest_route=\/wp\/v2\/posts"}],"about":[{"href":"https:\/\/2horizontes.com\/index.php?rest_route=\/wp\/v2\/types\/post"}],"author":[{"embeddable":true,"href":"https:\/\/2horizontes.com\/index.php?rest_route=\/wp\/v2\/users\/8"}],"replies":[{"embeddable":true,"href":"https:\/\/2horizontes.com\/index.php?rest_route=%2Fwp%2Fv2%2Fcomments&post=15329"}],"version-history":[{"count":2,"href":"https:\/\/2horizontes.com\/index.php?rest_route=\/wp\/v2\/posts\/15329\/revisions"}],"predecessor-version":[{"id":15332,"href":"https:\/\/2horizontes.com\/index.php?rest_route=\/wp\/v2\/posts\/15329\/revisions\/15332"}],"wp:featuredmedia":[{"embeddable":true,"href":"https:\/\/2horizontes.com\/index.php?rest_route=\/wp\/v2\/media\/15330"}],"wp:attachment":[{"href":"https:\/\/2horizontes.com\/index.php?rest_route=%2Fwp%2Fv2%2Fmedia&parent=15329"}],"wp:term":[{"taxonomy":"category","embeddable":true,"href":"https:\/\/2horizontes.com\/index.php?rest_route=%2Fwp%2Fv2%2Fcategories&post=15329"},{"taxonomy":"post_tag","embeddable":true,"href":"https:\/\/2horizontes.com\/index.php?rest_route=%2Fwp%2Fv2%2Ftags&post=15329"}],"curies":[{"name":"wp","href":"https:\/\/api.w.org\/{rel}","templated":true}]}}