{"id":15326,"date":"2015-07-07T03:30:29","date_gmt":"2015-07-07T02:30:29","guid":{"rendered":"http:\/\/2horizontes.com\/?p=15326"},"modified":"2015-07-07T03:30:29","modified_gmt":"2015-07-07T02:30:29","slug":"roberto-salcedo-afima-extrana-mucho-la-tv","status":"publish","type":"post","link":"https:\/\/2horizontes.com\/?p=15326","title":{"rendered":"Roberto Salcedo afima  \u201cExtra\u00f1a mucho la TV"},"content":{"rendered":"<p>RD-SANTO DOMINGO-Hac\u00eda siete a\u00f1os que no se produc\u00eda un encuentro en la pantalla chica entre Roberto Salcedo y su hijo Roberto \u00c1ngel. El quinto aniversario del programa dominical \u201cM\u00e1s Roberto\u201d los junt\u00f3 frente a las c\u00e1maras, donde el alcalde capitalino, adem\u00e1s de la pol\u00edtica, habl\u00f3 tambi\u00e9n de la televisi\u00f3n de entretenimiento, una de las grandes pasiones que le permiti\u00f3 enraizar su figura en la sociedad dominicana.<\/p>\n<p>Hace 12 a\u00f1os, el alcalde del Distrito Nacional se apart\u00f3 de la conducci\u00f3n del desaparecido programa \u201c9&#215;9 Roberto\u201d para dedicarse a la pol\u00edtica y todav\u00eda, dijo, \u201cextra\u00f1o mucho la televisi\u00f3n\u201d.<\/p>\n<p>\u201cCuando tengo chance de ver el programa lo hago\u201d, dijo Salcedo. Al evaluar las figuras femeninas que est\u00e1n activas en la pantalla chica dominicana hoy en d\u00eda, entendi\u00f3 que \u201ctodas las \u00e9pocas tienen su protagonismo. Antes ten\u00edamos mujeres muy virtuosas y talentosas, como Zoila Luna y July Carlo, entre otras; ahora emergen nuevas formas de comunicarse y nuevas figuras. Lo importante es que el que est\u00e1 en los medios procure prepararse y dar lo mejor\u201d.<\/p>\n<p>Tambi\u00e9n dijo que en el humor, le encanta la nueva generaci\u00f3n. \u201cHay nuevos exponentes y los disfruto. Usted es un caso: Bol\u00edvar Valera\u201d, respondi\u00f3 el alcalde ante una pregunta de El Boli, quien tambi\u00e9n particip\u00f3 en la entrevista que le hizo Robertico a su progenitor en el espacio \u201cM\u00e1s Roberto\u201d, que se transmite por Telesistema.<\/p>\n<p>Al hablar de su personaje favorito que pudo interpretar en el humor dominicano, Roberto Salcedo cit\u00f3 a \u201cCasta\u00f1o\u201d, que era un hombre muy taca\u00f1o. \u201cEso se me ocurri\u00f3 a prop\u00f3sito de que en ese tiempo se hablaba de la econom\u00eda y que hab\u00eda que economizar\u201d, record\u00f3.<\/p>\n<p>Sin embargo, le gustar\u00eda que se lleve al cine la historia de \u201cFacundo\u201d, un personaje que hac\u00eda sobre un hombre al que la mujer le daba golpes, y su inolvidable \u201cLinares\u201d, que lo interpretaba en compa\u00f1\u00eda de July Carlo y la fallecida estrella de la televisi\u00f3n y el teatro Nur\u00edn Sanlley.<\/p>\n<p>Roberto Salcedo lleg\u00f3 distendido a la entrevista, en la que Roberto \u00c1ngel tambi\u00e9n aprovech\u00f3 para hacerle preguntas de todo tipo, incluso de pol\u00edtica. \u201cYo pens\u00e9 que yo ven\u00eda a divertirme a esta entrevista\u201d, dijo el alcalde, cuando su hijo le hizo la primera pregunta en torno a sus funciones pol\u00edticas y de c\u00f3mo ha manejado las cr\u00edticas, incluidas las que recibe por las redes sociales. \u201cLa actividad de la pol\u00edtica la respeto mucho. He ganado muchos amigos, y he tenido que padecer las injusticias y las inconsecuencias de gerenciar una ciudad con grandes limitaciones. Jam\u00e1s ir\u00eda a la televisi\u00f3n a detractar a alguien, porque creo que la pol\u00edtica es la manera m\u00e1s hermosa de poder gobernar para todos\u201d, dijo.<\/p>\n<p><strong>Las cr\u00edticas en la pol\u00edtica<br \/>\n<\/strong><br \/>\nSobre las cr\u00edticas que enfrenta por las redes sociales dijo que si son \u00e1cidas las pones en su \u201cjusto lugar\u201d, pero con las constructivas trata de aprender de ellas. Afirm\u00f3 que est\u00e1 feliz con su participaci\u00f3n en Instagram (que el mismo alcalde maneja), donde la gente le habla de ese pasado, \u201cde \u2018Calient\u00edsimo del 9\u2019, de \u20189&#215;9 Roberto\u2019, me hace recordar momentos que para m\u00ed fueron muy bellos. Llegan a la vida de todo ser humano que le toca hacer una transici\u00f3n, y no he sido la excepci\u00f3n\u201d, expres\u00f3.<\/p>\n<p>Entiende que la pol\u00edtica es una ciencia, donde se conoce la miseria humana, y que es a trav\u00e9s de la pol\u00edtica que se pueden hacer cambios sociales. \u201cEstar ahora en ella es un paso importante en mi vida\u201d, dijo Salcedo, quien cree que el t\u00edtulo de pol\u00edtico le queda grande, porque no se considera un pol\u00edtico acabado.<\/p>\n<p>Sobre su reelecci\u00f3n en la Alcad\u00eda del Distrito Nacional, afirma que las \u00faltimas encuestas hablan de una importante valoraci\u00f3n al trabajo del Partido de la Liberaci\u00f3n Dominicana (PLD) en la administraci\u00f3n de la ciudad. \u201cHemos procurado dentro de la prudencia y las limitaciones hacer las cosas m\u00e1s o menos bien, eso hace que el partido piense que debe continuar gerenciando la Alcald\u00eda. Pero si soy yo, aunque los n\u00fameros me favorezcan, es una decisi\u00f3n del partido. Las candidaturas son del partido y las refrenda el pueblo\u201d, consider\u00f3.<\/p>\n","protected":false},"excerpt":{"rendered":"<p>RD-SANTO DOMINGO-Hac\u00eda siete a\u00f1os que no se produc\u00eda un encuentro en la pantalla chica entre Roberto Salcedo y su hijo Roberto \u00c1ngel. El quinto aniversario del programa dominical \u201cM\u00e1s Roberto\u201d los junt\u00f3 frente a las c\u00e1maras, donde el alcalde capitalino, adem\u00e1s de la pol\u00edtica, habl\u00f3 tambi\u00e9n de la televisi\u00f3n de entretenimiento, una de las grandes [&hellip;]<\/p>\n","protected":false},"author":8,"featured_media":15327,"comment_status":"open","ping_status":"open","sticky":false,"template":"","format":"standard","meta":{"footnotes":""},"categories":[1,43],"tags":[],"class_list":["post-15326","post","type-post","status-publish","format-standard","has-post-thumbnail","hentry","category-entretenimiento","category-politica"],"_links":{"self":[{"href":"https:\/\/2horizontes.com\/index.php?rest_route=\/wp\/v2\/posts\/15326","targetHints":{"allow":["GET"]}}],"collection":[{"href":"https:\/\/2horizontes.com\/index.php?rest_route=\/wp\/v2\/posts"}],"about":[{"href":"https:\/\/2horizontes.com\/index.php?rest_route=\/wp\/v2\/types\/post"}],"author":[{"embeddable":true,"href":"https:\/\/2horizontes.com\/index.php?rest_route=\/wp\/v2\/users\/8"}],"replies":[{"embeddable":true,"href":"https:\/\/2horizontes.com\/index.php?rest_route=%2Fwp%2Fv2%2Fcomments&post=15326"}],"version-history":[{"count":1,"href":"https:\/\/2horizontes.com\/index.php?rest_route=\/wp\/v2\/posts\/15326\/revisions"}],"predecessor-version":[{"id":15328,"href":"https:\/\/2horizontes.com\/index.php?rest_route=\/wp\/v2\/posts\/15326\/revisions\/15328"}],"wp:featuredmedia":[{"embeddable":true,"href":"https:\/\/2horizontes.com\/index.php?rest_route=\/wp\/v2\/media\/15327"}],"wp:attachment":[{"href":"https:\/\/2horizontes.com\/index.php?rest_route=%2Fwp%2Fv2%2Fmedia&parent=15326"}],"wp:term":[{"taxonomy":"category","embeddable":true,"href":"https:\/\/2horizontes.com\/index.php?rest_route=%2Fwp%2Fv2%2Fcategories&post=15326"},{"taxonomy":"post_tag","embeddable":true,"href":"https:\/\/2horizontes.com\/index.php?rest_route=%2Fwp%2Fv2%2Ftags&post=15326"}],"curies":[{"name":"wp","href":"https:\/\/api.w.org\/{rel}","templated":true}]}}