{"id":15308,"date":"2015-07-06T18:20:55","date_gmt":"2015-07-06T17:20:55","guid":{"rendered":"http:\/\/2horizontes.com\/?p=15308"},"modified":"2015-07-06T18:20:55","modified_gmt":"2015-07-06T17:20:55","slug":"interior-y-policia-iniciara-este-lunes-entrega-carnes-a-extranjeros-en-rd","status":"publish","type":"post","link":"https:\/\/2horizontes.com\/?p=15308","title":{"rendered":"Interior y Polic\u00eda iniciar\u00e1 este lunes entrega carn\u00e9s a extranjeros en RD"},"content":{"rendered":"<p>RD-SANTO DOMINGO.- El Ministerio de Interior y Polic\u00eda (MIP) iniciar\u00e1 este lunes la entrega de carn\u00e9s a 50,000 extranjeros que se acogieron al Plan Nacional de Regularizaci\u00f3n.<\/p>\n<p>Las primeras entregas se llavar\u00e1n a cabo en las oficinas del Distrito Nacional, Santiago, Puerto Plata, El Seibo, Ban\u00ed y Mao.<\/p>\n<p>Luis Fern\u00e1ndez, viceministro para Asuntos de Migraci\u00f3n y Naturalizaci\u00f3n, explic\u00f3 que las personas que recibir\u00e1n el documento ser\u00e1n notificadas mediante llamadas telef\u00f3nicas.<\/p>\n<p>Inform\u00f3 que \u201csemanalmente, enviaremos los carn\u00e9s listos para ser distribuidos en los 24 centros del pa\u00eds, con lo cual procuramos promover un proceso fluido, para que la persona adquiera su carn\u00e9 en el menor tiempo posible\u201d,<\/p>\n<p>FUENTE: ALMOMENTO.NET<\/p>\n","protected":false},"excerpt":{"rendered":"<p>RD-SANTO DOMINGO.- El Ministerio de Interior y Polic\u00eda (MIP) iniciar\u00e1 este lunes la entrega de carn\u00e9s a 50,000 extranjeros que se acogieron al Plan Nacional de Regularizaci\u00f3n. Las primeras entregas se llavar\u00e1n a cabo en las oficinas del Distrito Nacional, Santiago, Puerto Plata, El Seibo, Ban\u00ed y Mao. Luis Fern\u00e1ndez, viceministro para Asuntos de Migraci\u00f3n [&hellip;]<\/p>\n","protected":false},"author":8,"featured_media":15309,"comment_status":"open","ping_status":"open","sticky":false,"template":"","format":"standard","meta":{"footnotes":""},"categories":[44],"tags":[],"class_list":["post-15308","post","type-post","status-publish","format-standard","has-post-thumbnail","hentry","category-republica-dominicana"],"_links":{"self":[{"href":"https:\/\/2horizontes.com\/index.php?rest_route=\/wp\/v2\/posts\/15308","targetHints":{"allow":["GET"]}}],"collection":[{"href":"https:\/\/2horizontes.com\/index.php?rest_route=\/wp\/v2\/posts"}],"about":[{"href":"https:\/\/2horizontes.com\/index.php?rest_route=\/wp\/v2\/types\/post"}],"author":[{"embeddable":true,"href":"https:\/\/2horizontes.com\/index.php?rest_route=\/wp\/v2\/users\/8"}],"replies":[{"embeddable":true,"href":"https:\/\/2horizontes.com\/index.php?rest_route=%2Fwp%2Fv2%2Fcomments&post=15308"}],"version-history":[{"count":1,"href":"https:\/\/2horizontes.com\/index.php?rest_route=\/wp\/v2\/posts\/15308\/revisions"}],"predecessor-version":[{"id":15310,"href":"https:\/\/2horizontes.com\/index.php?rest_route=\/wp\/v2\/posts\/15308\/revisions\/15310"}],"wp:featuredmedia":[{"embeddable":true,"href":"https:\/\/2horizontes.com\/index.php?rest_route=\/wp\/v2\/media\/15309"}],"wp:attachment":[{"href":"https:\/\/2horizontes.com\/index.php?rest_route=%2Fwp%2Fv2%2Fmedia&parent=15308"}],"wp:term":[{"taxonomy":"category","embeddable":true,"href":"https:\/\/2horizontes.com\/index.php?rest_route=%2Fwp%2Fv2%2Fcategories&post=15308"},{"taxonomy":"post_tag","embeddable":true,"href":"https:\/\/2horizontes.com\/index.php?rest_route=%2Fwp%2Fv2%2Ftags&post=15308"}],"curies":[{"name":"wp","href":"https:\/\/api.w.org\/{rel}","templated":true}]}}