{"id":15117,"date":"2015-07-05T15:54:03","date_gmt":"2015-07-05T14:54:03","guid":{"rendered":"http:\/\/2horizontes.com\/?p=15117"},"modified":"2015-07-05T15:54:03","modified_gmt":"2015-07-05T14:54:03","slug":"tras-la-primera-ola-de-calor-llega-la-segunda-y-aun-mas-duradera","status":"publish","type":"post","link":"https:\/\/2horizontes.com\/?p=15117","title":{"rendered":"Tras la primera ola de calor, llega la segunda y a\u00fan m\u00e1s duradera"},"content":{"rendered":"<p>La Agencia Estatal de Meteorolog\u00eda (Aemet) prev\u00e9 que la segunda ola de calor que se ha instalado sobre la Pen\u00ednsula este verano continuar\u00e1 con caracter\u00edsticas similares hasta el pr\u00f3ximo d\u00eda 12, con altas temperaturas tanto diurnas como nocturnas sobre gran parte de la Pen\u00ednsula y Baleares. \u00abUna masa de aire muy c\u00e1lido con parte de recorrido por el norte de \u00c1frica est\u00e1 penetrando en todos los niveles de la atm\u00f3sfera por el sur de la Pen\u00ednsula, fen\u00f3meno que est\u00e1 generando esta situaci\u00f3n de valores extremos\u00bb, se indica en un comunicado de prensa de la Aemet.<\/p>\n<p>Las zonas menos afectadas corresponder\u00e1n al oeste y norte de Galicia, Asturias y Cantabria, donde en general predominar\u00e1n los intervalos nubosos con posibilidad de alguna precipitaci\u00f3n d\u00e9bil, esper\u00e1ndose temperaturas m\u00e1ximas agradables, 25\/30\u00baC. Tambi\u00e9n las zonas costeras peninsulares ver\u00e1n aliviadas sus temperaturas m\u00e1ximas por las brisas. En el resto de la Pen\u00ednsula y en Baleares, se espera aire muy estable con predominio de los cielos despejados, salvo las probables nubes de evoluci\u00f3n en zonas de monta\u00f1a, pero sin esperar ni importantes desarrollos nubosos ni precipitaciones que alivien la situaci\u00f3n de calor, se\u00f1ala la nota.<\/p>\n<p>Este domingo las temperaturas continuar\u00e1n altas en las mismas \u00e1reas que el s\u00e1bado tanto en Pen\u00ednsula como en Baleares, ampli\u00e1ndose los avisos amarillos a alguna zona colindante, y pasando a nivel naranja alg\u00fan \u00e1rea m\u00e1s del centro peninsular y de la cuenca del Ebro. A partir del lunes 6, los ascensos de las temperaturas afectar\u00e1n a diferentes \u00e1reas de la Pen\u00ednsula, de manera que es altamente probable que a lo largo de la semana pr\u00f3xima se puedan superar con persistencia los 40\u00baC en zonas del valle del Ebro, y del centro y suroeste, y los 35\u00baC en grandes \u00e1reas del resto del interior peninsular. En Baleares, lo m\u00e1s probable es que contin\u00faen las altas temperaturas del fin de semana.<\/p>\n<p>La ola de calor tambi\u00e9n se caracterizar\u00e1 por valores altos de las temperaturas nocturnas, que se mantendr\u00e1n en general por encima de 20 \u00baC en el \u00e1rea central del valle del Ebro y progresivamente en gran parte de la mitad sur peninsular, pudiendo llegar incluso a superarse localmente los 25 \u00baC a medida que avance la semana.<\/p>\n<p>Con respecto a Canarias, quedan de momento al margen del episodio de temperaturas altas, pero es probable que, a partir del lunes 6 se produzca un importante ascenso t\u00e9rmico que afectar\u00e1 sobre todo a median\u00edas y que podr\u00eda mantenerse hasta el mi\u00e9rcoles 8 o jueves 9.<\/p>\n<p>A partir del 8 al 12 de julio seguramente la situaci\u00f3n atmosf\u00e9rica continuar\u00e1 con caracter\u00edsticas similares a la de d\u00edas anteriores. Seg\u00fan el comunicado de la Aemet, durante ese periodo no se descartan precipitaciones d\u00e9biles en el \u00e1rea cant\u00e1brica, que a partir del viernes se podr\u00edan convertir en chubascos o tormentas dispersos y ocasionales en zonas de monta\u00f1a de la mitad este peninsular, y que ser\u00e1n m\u00e1s probables en el \u00e1rea del Sistema Ib\u00e9rico.<\/p>\n<p>En la pen\u00ednsula y Baleares no se esperan grandes cambios en las temperaturas, salvo en el tercio norte peninsular, donde probablemente desciendan el mi\u00e9rcoles, para volver a recuperarse posteriormente. Sin embargo, las temperaturas se mantendr\u00e1n bastante altas en general; en Canarias, aunque descender\u00e1n de forma apreciable a partir del viernes, es probable que sean significativamente altas hasta el final del periodo.<\/p>\n","protected":false},"excerpt":{"rendered":"<p>La Agencia Estatal de Meteorolog\u00eda (Aemet) prev\u00e9 que la segunda ola de calor que se ha instalado sobre la Pen\u00ednsula este verano continuar\u00e1 con caracter\u00edsticas similares hasta el pr\u00f3ximo d\u00eda 12, con altas temperaturas tanto diurnas como nocturnas sobre gran parte de la Pen\u00ednsula y Baleares. \u00abUna masa de aire muy c\u00e1lido con parte de [&hellip;]<\/p>\n","protected":false},"author":3,"featured_media":15118,"comment_status":"open","ping_status":"open","sticky":false,"template":"","format":"standard","meta":{"footnotes":""},"categories":[85],"tags":[],"class_list":["post-15117","post","type-post","status-publish","format-standard","has-post-thumbnail","hentry","category-espana"],"_links":{"self":[{"href":"https:\/\/2horizontes.com\/index.php?rest_route=\/wp\/v2\/posts\/15117","targetHints":{"allow":["GET"]}}],"collection":[{"href":"https:\/\/2horizontes.com\/index.php?rest_route=\/wp\/v2\/posts"}],"about":[{"href":"https:\/\/2horizontes.com\/index.php?rest_route=\/wp\/v2\/types\/post"}],"author":[{"embeddable":true,"href":"https:\/\/2horizontes.com\/index.php?rest_route=\/wp\/v2\/users\/3"}],"replies":[{"embeddable":true,"href":"https:\/\/2horizontes.com\/index.php?rest_route=%2Fwp%2Fv2%2Fcomments&post=15117"}],"version-history":[{"count":1,"href":"https:\/\/2horizontes.com\/index.php?rest_route=\/wp\/v2\/posts\/15117\/revisions"}],"predecessor-version":[{"id":15119,"href":"https:\/\/2horizontes.com\/index.php?rest_route=\/wp\/v2\/posts\/15117\/revisions\/15119"}],"wp:featuredmedia":[{"embeddable":true,"href":"https:\/\/2horizontes.com\/index.php?rest_route=\/wp\/v2\/media\/15118"}],"wp:attachment":[{"href":"https:\/\/2horizontes.com\/index.php?rest_route=%2Fwp%2Fv2%2Fmedia&parent=15117"}],"wp:term":[{"taxonomy":"category","embeddable":true,"href":"https:\/\/2horizontes.com\/index.php?rest_route=%2Fwp%2Fv2%2Fcategories&post=15117"},{"taxonomy":"post_tag","embeddable":true,"href":"https:\/\/2horizontes.com\/index.php?rest_route=%2Fwp%2Fv2%2Ftags&post=15117"}],"curies":[{"name":"wp","href":"https:\/\/api.w.org\/{rel}","templated":true}]}}