{"id":15109,"date":"2015-07-05T13:33:33","date_gmt":"2015-07-05T12:33:33","guid":{"rendered":"http:\/\/2horizontes.com\/?p=15109"},"modified":"2015-07-05T13:33:33","modified_gmt":"2015-07-05T12:33:33","slug":"santi-mina-fichado-por-el-valencia-por-10-millones-de-euros","status":"publish","type":"post","link":"https:\/\/2horizontes.com\/?p=15109","title":{"rendered":"Santi Mina, fichado por el Valencia por 10 millones de euros"},"content":{"rendered":"<p>El Valencia ha confirmado haber alcanzado un acuerdo total con el Celta de Vigo para la contrataci\u00f3n del futbolista Santi Mina, quien ha firmado con el club valenciano hasta el 30 de junio de 2021, despu\u00e9s de que el conjunto &#8216;che&#8217; abonara la cl\u00e1usula \u00edntegra del jugador a la entidad gallega. As\u00ed, el delantero, producto de la cantera del Celta, formar\u00e1 bajo las \u00f3rdenes de Nuno Esp\u00edrito Santo las pr\u00f3ximas seis temporadas. \u00abEstoy como en un sue\u00f1o, llegar a un gran club como el Valencia tan joven no es f\u00e1cil, s\u00e9 la responsabilidad que tengo. Voy a luchar cada d\u00eda por devolver la confianza del Valencia y mi objetivo es ayudar a mis compa\u00f1eros y al entrenador a seguir siendo uno de los mejores equipos de Espa\u00f1a\u00bb, dijo Santi Mina.<\/p>\n<p>Adem\u00e1s, quiso acordarse del su ya ex equipo a su llegada a Valencia. \u00abDejo un club que me lo ha dado todo y a la afici\u00f3n celtista que me ha hecho sentir muy feliz, siempre los recordar\u00e9. Ahora en el Valencia s\u00e9 tambi\u00e9n que su afici\u00f3n es incre\u00edble, una de las m\u00e1s fieles del mundo, y que nunca deja de animar. Estoy deseando jugar en Mestalla y esforzarme por devolver el cari\u00f1o que dan a todos los jugadores\u00bb, declar\u00f3.<\/p>\n<p>Por su lado, la presidenta del Valencia, Lay Hoon Chan, quiso tambi\u00e9n dar la bienvenida a su nuevo fichaje. \u00abSanti Mina es reconocido como uno de los m\u00e1s prometedores jugadores espa\u00f1oles y ya tiene experiencia jugando en la Liga. Estamos seguros que dejar\u00e1 huella y aportar\u00e1 cosas al equipo\u00bb, manifest\u00f3.<\/p>\n","protected":false},"excerpt":{"rendered":"<p>El Valencia ha confirmado haber alcanzado un acuerdo total con el Celta de Vigo para la contrataci\u00f3n del futbolista Santi Mina, quien ha firmado con el club valenciano hasta el 30 de junio de 2021, despu\u00e9s de que el conjunto &#8216;che&#8217; abonara la cl\u00e1usula \u00edntegra del jugador a la entidad gallega. As\u00ed, el delantero, producto [&hellip;]<\/p>\n","protected":false},"author":3,"featured_media":15110,"comment_status":"open","ping_status":"open","sticky":false,"template":"","format":"standard","meta":{"footnotes":""},"categories":[42],"tags":[],"class_list":["post-15109","post","type-post","status-publish","format-standard","has-post-thumbnail","hentry","category-deportes"],"_links":{"self":[{"href":"https:\/\/2horizontes.com\/index.php?rest_route=\/wp\/v2\/posts\/15109","targetHints":{"allow":["GET"]}}],"collection":[{"href":"https:\/\/2horizontes.com\/index.php?rest_route=\/wp\/v2\/posts"}],"about":[{"href":"https:\/\/2horizontes.com\/index.php?rest_route=\/wp\/v2\/types\/post"}],"author":[{"embeddable":true,"href":"https:\/\/2horizontes.com\/index.php?rest_route=\/wp\/v2\/users\/3"}],"replies":[{"embeddable":true,"href":"https:\/\/2horizontes.com\/index.php?rest_route=%2Fwp%2Fv2%2Fcomments&post=15109"}],"version-history":[{"count":1,"href":"https:\/\/2horizontes.com\/index.php?rest_route=\/wp\/v2\/posts\/15109\/revisions"}],"predecessor-version":[{"id":15111,"href":"https:\/\/2horizontes.com\/index.php?rest_route=\/wp\/v2\/posts\/15109\/revisions\/15111"}],"wp:featuredmedia":[{"embeddable":true,"href":"https:\/\/2horizontes.com\/index.php?rest_route=\/wp\/v2\/media\/15110"}],"wp:attachment":[{"href":"https:\/\/2horizontes.com\/index.php?rest_route=%2Fwp%2Fv2%2Fmedia&parent=15109"}],"wp:term":[{"taxonomy":"category","embeddable":true,"href":"https:\/\/2horizontes.com\/index.php?rest_route=%2Fwp%2Fv2%2Fcategories&post=15109"},{"taxonomy":"post_tag","embeddable":true,"href":"https:\/\/2horizontes.com\/index.php?rest_route=%2Fwp%2Fv2%2Ftags&post=15109"}],"curies":[{"name":"wp","href":"https:\/\/api.w.org\/{rel}","templated":true}]}}