{"id":15072,"date":"2015-07-04T18:53:53","date_gmt":"2015-07-04T17:53:53","guid":{"rendered":"http:\/\/2horizontes.com\/?p=15072"},"modified":"2015-07-05T13:10:15","modified_gmt":"2015-07-05T12:10:15","slug":"cea-inicia-la-siembra-de-16-tareas-de-cana-de-azucar-en-chirino","status":"publish","type":"post","link":"https:\/\/2horizontes.com\/?p=15072","title":{"rendered":"CEA inicia la siembra de 16 tareas de ca\u00f1a de az\u00facar en Chirino"},"content":{"rendered":"<p><strong>Monte Plata, R.D.<\/strong>&#8211; Con el financiamiento y la asistencia t\u00e9cnica del Consejo Estatal del Az\u00facar se inici\u00f3 la siembra de 16 mil tareas de ca\u00f1a de az\u00facar en esta provincia, las cuales se dedicar\u00e1n a la producci\u00f3n de Panela en el nuevo Ingenio Esmeralda que se levantar\u00e1 en Chirino Monte Plata.<\/p>\n<p>Los trabajos de siembra se iniciaron esta semana con equipos coordinados por t\u00e9cnicos del Consejo Estatal del Az\u00facar bajo la supervisi\u00f3n del ingeniero Ricardo P\u00e9rez, director de producci\u00f3n azucarera del CEA. \u00a8Estamos iniciando los trabajos por instrucciones del se\u00f1or Presidente de la Rep\u00fablica y de nuestro director ejecutivo, Jos\u00e9 Joaqu\u00edn Dom\u00ednguez Pe\u00f1a\u201d.<\/p>\n<p>La asistencia t\u00e9cnica y econ\u00f3mica se extender\u00e1 al proyecto de San Jos\u00e9 de los Llanos que incluir\u00e1 m\u00e1s de 32 mil tareas de tierras agreg\u00f3 el funcionario.<\/p>\n<p>Los trabajos de siembra fueron iniciados en compa\u00f1\u00eda del Presidente de la Federaci\u00f3n de Colonos Azucareros Juli\u00e1n Peralta y de ejecutivos de la Asociaci\u00f3n de Ca\u00f1icultores de Monte Plata, (ACAMOPLATA).<\/p>\n<p>Los productores recibieron con entusiasmo el inicio de la siembra que aseguran constituye un hito en la historia de la producci\u00f3n de ca\u00f1a de la zona, paralizada por m\u00e1s de quince a\u00f1os consecutivos.<\/p>\n<p>El presidente de FEDOCA Juli\u00e1n Peralta, agradeci\u00f3 el esfuerzo del director ejecutivo del CEA Jos\u00e9 Joaqu\u00edn Dom\u00ednguez Pe\u00f1a, dijo que es una realidad el nuevo ingenio \u201caqu\u00ed se est\u00e1 haciendo no diciendo\u201d, afirm\u00f3 Peralta.<\/p>\n<p>El dirigente de los colonos afirm\u00f3 que con este proyecto cientos de familias de la provincia reabren un nuevo cap\u00edtulo de esperanza y vida.<\/p>\n<blockquote><p><strong>\u201cEsta jornada de trabajo es el inicio de la siembra de ca\u00f1a en la provincia Monte Plata, es el anhelo de todas estas familias y productores, que le permitir\u00e1 un cambio en sus vidas, con la implementaci\u00f3n del proyecto \u201cNuevo saber de la ca\u00f1a\u201d, que no es m\u00e1s que la diversificaci\u00f3n del uso de la ca\u00f1a, agreg\u00f3 Juli\u00e1n Peralta.<\/strong><\/p><\/blockquote>\n<p>Destac\u00f3 que en ese mismo lugar en la comunidad de Cruz Verde, en Chirino se inicio 400 a\u00f1os atr\u00e1s la producci\u00f3n de ca\u00f1a. Para los productores de la zona \u201ces volver a la vida, a la esperanza, a la ilusi\u00f3n, la ca\u00f1a para nosotros significa todo, significa volver a ser entes productivos, vamos a seguir avanzando, construyendo un mejor camino para las familias\u201d, expres\u00f3.<\/p>\n<p>Ricardo P\u00e9rez, asegur\u00f3 adem\u00e1s que con los implementos para la preparaci\u00f3n de suelos de la procesadora de ca\u00f1a Esmeralda los productores se ahorran un paso de tractor lo que implica una reducci\u00f3n de costos de 350 pesos a 400 pesos por tarea.<\/p>\n","protected":false},"excerpt":{"rendered":"<p>Monte Plata, R.D.&#8211; Con el financiamiento y la asistencia t\u00e9cnica del Consejo Estatal del Az\u00facar se inici\u00f3 la siembra de 16 mil tareas de ca\u00f1a de az\u00facar en esta provincia, las cuales se dedicar\u00e1n a la producci\u00f3n de Panela en el nuevo Ingenio Esmeralda que se levantar\u00e1 en Chirino Monte Plata. Los trabajos de siembra [&hellip;]<\/p>\n","protected":false},"author":878,"featured_media":15089,"comment_status":"open","ping_status":"open","sticky":false,"template":"","format":"standard","meta":{"footnotes":""},"categories":[63,53,44],"tags":[],"class_list":["post-15072","post","type-post","status-publish","format-standard","has-post-thumbnail","hentry","category-economia","category-provincias","category-republica-dominicana"],"_links":{"self":[{"href":"https:\/\/2horizontes.com\/index.php?rest_route=\/wp\/v2\/posts\/15072","targetHints":{"allow":["GET"]}}],"collection":[{"href":"https:\/\/2horizontes.com\/index.php?rest_route=\/wp\/v2\/posts"}],"about":[{"href":"https:\/\/2horizontes.com\/index.php?rest_route=\/wp\/v2\/types\/post"}],"author":[{"embeddable":true,"href":"https:\/\/2horizontes.com\/index.php?rest_route=\/wp\/v2\/users\/878"}],"replies":[{"embeddable":true,"href":"https:\/\/2horizontes.com\/index.php?rest_route=%2Fwp%2Fv2%2Fcomments&post=15072"}],"version-history":[{"count":4,"href":"https:\/\/2horizontes.com\/index.php?rest_route=\/wp\/v2\/posts\/15072\/revisions"}],"predecessor-version":[{"id":15090,"href":"https:\/\/2horizontes.com\/index.php?rest_route=\/wp\/v2\/posts\/15072\/revisions\/15090"}],"wp:featuredmedia":[{"embeddable":true,"href":"https:\/\/2horizontes.com\/index.php?rest_route=\/wp\/v2\/media\/15089"}],"wp:attachment":[{"href":"https:\/\/2horizontes.com\/index.php?rest_route=%2Fwp%2Fv2%2Fmedia&parent=15072"}],"wp:term":[{"taxonomy":"category","embeddable":true,"href":"https:\/\/2horizontes.com\/index.php?rest_route=%2Fwp%2Fv2%2Fcategories&post=15072"},{"taxonomy":"post_tag","embeddable":true,"href":"https:\/\/2horizontes.com\/index.php?rest_route=%2Fwp%2Fv2%2Ftags&post=15072"}],"curies":[{"name":"wp","href":"https:\/\/api.w.org\/{rel}","templated":true}]}}