{"id":15058,"date":"2015-07-04T02:32:18","date_gmt":"2015-07-04T01:32:18","guid":{"rendered":"http:\/\/2horizontes.com\/?p=15058"},"modified":"2015-07-04T02:32:18","modified_gmt":"2015-07-04T01:32:18","slug":"migracion-retiene-en-el-aila-al-subdirector-ejecutivo-de-hrw","status":"publish","type":"post","link":"https:\/\/2horizontes.com\/?p=15058","title":{"rendered":"Migraci\u00f3n retiene en el AILA al subdirector ejecutivo de HRW"},"content":{"rendered":"<p>RD-SANTO DOMINGO.- El subdirector ejecutivo de Human Rights Watch para Am\u00e9rica, Jos\u00e9 Miguel Vivanco, fue retenido por 20 minutos este viernes en el Aeropuerto Internacional de las Am\u00e9ricas (AILA) cuando se dispon\u00eda a viajar hacia Miami.<\/p>\n<p>El director de Migraci\u00f3n, Rub\u00e9n Dar\u00edo Paulino Sem, quien suministr\u00f3 la informaci\u00f3n, explic\u00f3 que el activista fue confundido con una persona con su mismo apellido que tiene impedimento de salida.<\/p>\n<p>El vuelo de Vivanco estaba previsto para las 7:30 de la ma\u00f1ana.<\/p>\n<p>Paulino Sem se disculp\u00f3 con el abogado chileno e inform\u00f3 que ese tipo de errores ocurre a diario.<\/p>\n<p>Vivanco vino al pa\u00eds a difundir un informe titulado \u201cSomos dominicanos, somos dominicanas: Privaci\u00f3n arbitraria de la nacionalidad en la Rep\u00fablica Dominicana\u201d, seg\u00fan el cual decenas de miles de dominicanos de ascendencia haitiana contin\u00faan en una situaci\u00f3n legal indefinida y sin posibilidad de ejercer sus derechos fundamentals.<\/p>\n<p>El informe fue rechazado por el Gobierno y otros sectores que lo calificaron de \u201cirreal, difamatorio, infundado y ama\u00f1ado\u201d.<\/p>\n","protected":false},"excerpt":{"rendered":"<p>RD-SANTO DOMINGO.- El subdirector ejecutivo de Human Rights Watch para Am\u00e9rica, Jos\u00e9 Miguel Vivanco, fue retenido por 20 minutos este viernes en el Aeropuerto Internacional de las Am\u00e9ricas (AILA) cuando se dispon\u00eda a viajar hacia Miami. El director de Migraci\u00f3n, Rub\u00e9n Dar\u00edo Paulino Sem, quien suministr\u00f3 la informaci\u00f3n, explic\u00f3 que el activista fue confundido con [&hellip;]<\/p>\n","protected":false},"author":8,"featured_media":15059,"comment_status":"open","ping_status":"open","sticky":false,"template":"","format":"standard","meta":{"footnotes":""},"categories":[44],"tags":[],"class_list":["post-15058","post","type-post","status-publish","format-standard","has-post-thumbnail","hentry","category-republica-dominicana"],"_links":{"self":[{"href":"https:\/\/2horizontes.com\/index.php?rest_route=\/wp\/v2\/posts\/15058","targetHints":{"allow":["GET"]}}],"collection":[{"href":"https:\/\/2horizontes.com\/index.php?rest_route=\/wp\/v2\/posts"}],"about":[{"href":"https:\/\/2horizontes.com\/index.php?rest_route=\/wp\/v2\/types\/post"}],"author":[{"embeddable":true,"href":"https:\/\/2horizontes.com\/index.php?rest_route=\/wp\/v2\/users\/8"}],"replies":[{"embeddable":true,"href":"https:\/\/2horizontes.com\/index.php?rest_route=%2Fwp%2Fv2%2Fcomments&post=15058"}],"version-history":[{"count":1,"href":"https:\/\/2horizontes.com\/index.php?rest_route=\/wp\/v2\/posts\/15058\/revisions"}],"predecessor-version":[{"id":15060,"href":"https:\/\/2horizontes.com\/index.php?rest_route=\/wp\/v2\/posts\/15058\/revisions\/15060"}],"wp:featuredmedia":[{"embeddable":true,"href":"https:\/\/2horizontes.com\/index.php?rest_route=\/wp\/v2\/media\/15059"}],"wp:attachment":[{"href":"https:\/\/2horizontes.com\/index.php?rest_route=%2Fwp%2Fv2%2Fmedia&parent=15058"}],"wp:term":[{"taxonomy":"category","embeddable":true,"href":"https:\/\/2horizontes.com\/index.php?rest_route=%2Fwp%2Fv2%2Fcategories&post=15058"},{"taxonomy":"post_tag","embeddable":true,"href":"https:\/\/2horizontes.com\/index.php?rest_route=%2Fwp%2Fv2%2Ftags&post=15058"}],"curies":[{"name":"wp","href":"https:\/\/api.w.org\/{rel}","templated":true}]}}