{"id":15001,"date":"2015-07-03T15:19:21","date_gmt":"2015-07-03T14:19:21","guid":{"rendered":"http:\/\/2horizontes.com\/?p=15001"},"modified":"2015-07-03T15:19:21","modified_gmt":"2015-07-03T14:19:21","slug":"dos-se-suicidan-y-otro-se-ahogo-en-el-cibao-rd","status":"publish","type":"post","link":"https:\/\/2horizontes.com\/?p=15001","title":{"rendered":"Dos se suicidan y otro se ahog\u00f3 en el Cibao RD"},"content":{"rendered":"<p><strong>SANTIAGO Y PUERTO PLATA-<\/strong>Un paciente que permanec\u00eda ingresado en el hospital Luis Morillo King de La Vega se suicid\u00f3, mientras otro hombre fue hallado ahorcado en una habitaci\u00f3n de su residencia en Puerto Plata.Nelson S\u00e1nchez, de 46 a\u00f1os de edad, se quit\u00f3 la vida al colgarse en una habitaci\u00f3n del tercer nivel del centro asistencial, presuntamente agobiado al verse afectado por la tuberculosis multidrogo resistente.<\/p>\n<p>S\u00e1nchez resid\u00eda en la calle Tercera sin n\u00famero, de la ciudad de Bonao.<br \/>\nEn otro caso, Michael Gonz\u00e1lez Jean (Michelito), de nacionalidad haitiana y de 23 a\u00f1os de edad, quien resid\u00eda en la urbanizaci\u00f3n Joel, de Puerto Plata, se suicid\u00f3 ahorc\u00e1ndose. Para suicidarse, Gonz\u00e1lez Jean utiliz\u00f3 una correa de color azul y se colg\u00f3 de una viga.<\/p>\n<p>En tanto, que Juan Carlos Cruz Espinal, de 54 a\u00f1os de edad, falleci\u00f3 mientras recib\u00eda atenciones en el hospital municipal de Villa Isabela, en momentos en que este se encontraba ba\u00f1\u00e1ndose en la playa La Ensenada.<\/p>\n<p>FUENTE : EL CARIBE<\/p>\n","protected":false},"excerpt":{"rendered":"<p>SANTIAGO Y PUERTO PLATA-Un paciente que permanec\u00eda ingresado en el hospital Luis Morillo King de La Vega se suicid\u00f3, mientras otro hombre fue hallado ahorcado en una habitaci\u00f3n de su residencia en Puerto Plata.Nelson S\u00e1nchez, de 46 a\u00f1os de edad, se quit\u00f3 la vida al colgarse en una habitaci\u00f3n del tercer nivel del centro asistencial, [&hellip;]<\/p>\n","protected":false},"author":8,"featured_media":15006,"comment_status":"open","ping_status":"open","sticky":false,"template":"","format":"standard","meta":{"footnotes":""},"categories":[53,44],"tags":[],"class_list":["post-15001","post","type-post","status-publish","format-standard","has-post-thumbnail","hentry","category-provincias","category-republica-dominicana"],"_links":{"self":[{"href":"https:\/\/2horizontes.com\/index.php?rest_route=\/wp\/v2\/posts\/15001","targetHints":{"allow":["GET"]}}],"collection":[{"href":"https:\/\/2horizontes.com\/index.php?rest_route=\/wp\/v2\/posts"}],"about":[{"href":"https:\/\/2horizontes.com\/index.php?rest_route=\/wp\/v2\/types\/post"}],"author":[{"embeddable":true,"href":"https:\/\/2horizontes.com\/index.php?rest_route=\/wp\/v2\/users\/8"}],"replies":[{"embeddable":true,"href":"https:\/\/2horizontes.com\/index.php?rest_route=%2Fwp%2Fv2%2Fcomments&post=15001"}],"version-history":[{"count":1,"href":"https:\/\/2horizontes.com\/index.php?rest_route=\/wp\/v2\/posts\/15001\/revisions"}],"predecessor-version":[{"id":15007,"href":"https:\/\/2horizontes.com\/index.php?rest_route=\/wp\/v2\/posts\/15001\/revisions\/15007"}],"wp:featuredmedia":[{"embeddable":true,"href":"https:\/\/2horizontes.com\/index.php?rest_route=\/wp\/v2\/media\/15006"}],"wp:attachment":[{"href":"https:\/\/2horizontes.com\/index.php?rest_route=%2Fwp%2Fv2%2Fmedia&parent=15001"}],"wp:term":[{"taxonomy":"category","embeddable":true,"href":"https:\/\/2horizontes.com\/index.php?rest_route=%2Fwp%2Fv2%2Fcategories&post=15001"},{"taxonomy":"post_tag","embeddable":true,"href":"https:\/\/2horizontes.com\/index.php?rest_route=%2Fwp%2Fv2%2Ftags&post=15001"}],"curies":[{"name":"wp","href":"https:\/\/api.w.org\/{rel}","templated":true}]}}