{"id":14998,"date":"2015-07-03T15:15:44","date_gmt":"2015-07-03T14:15:44","guid":{"rendered":"http:\/\/2horizontes.com\/?p=14998"},"modified":"2015-07-03T15:18:08","modified_gmt":"2015-07-03T14:18:08","slug":"presidente-de-guyana-dice-que-venezuela-es-una-carga-insoportable","status":"publish","type":"post","link":"https:\/\/2horizontes.com\/?p=14998","title":{"rendered":"Presidente de Guyana dice que Venezuela es una \u00abcarga insoportable\u00bb"},"content":{"rendered":"<p><strong class=\"color000\">Bridgetown.<\/strong>&#8211; El presidente de Guyana, David Granger, pidi\u00f3 este jueves a la Comunidad del Caribe (Caricom) que condene \u00aben los t\u00e9rminos m\u00e1s en\u00e9rgicos\u00bb los reclamos territoriales de Venezuela, que, seg\u00fan dijo, se ha convertido en una \u00abcarga insoportable\u00bb para su pa\u00eds.<\/p>\n<p>En su discurso en la ceremonia de apertura de la 36 cumbre de Caricom, Granger asegur\u00f3 que, con sus \u00abopresivos\u00bb reclamos territoriales sobre aguas del Esequibo, muy ricas en petr\u00f3leo, Venezuela se ha convertido en \u00abun mono en la espalda\u00bb de su pa\u00eds.<\/p>\n<p>\u00abGuyana, incluso cuando se acerca el 50 aniversario de su independencia el pr\u00f3ximo a\u00f1o, todav\u00eda carga con un mono en la espalda. Ese mono es la carga insoportable de una reclamaci\u00f3n opresiva y desagradable sobre nuestra tierra y nuestras aguas\u00bb, dijo.<\/p>\n<p>En sus \u00faltimas reuniones anuales, Caricom siempre ha emitido comunicados reafirmando los derechos de soberan\u00eda de Guyana -uno de sus miembros- sobre su territorio y en esta ocasi\u00f3n no se espera que se desv\u00ede de esta posici\u00f3n ante Venezuela, que no pertenece a la organizaci\u00f3n regional.<\/p>\n<p>Sin embargo, Granger dijo que \u00abnunca\u00bb ha necesitado tanto el apoyo del bloque \u00abcomo hasta ahora\u00bb, ya que los reclamos de Venezuela afectan al desarrollo de su pa\u00eds, seg\u00fan rese\u00f1\u00f3 Efe.<\/p>\n<p>En ese sentido, puso el ejemplo de haber tenido bloqueada la financiaci\u00f3n de un proyecto hidroel\u00e9ctrico de gran envergadura porque Venezuela ten\u00eda a los inversores \u00abintimidados\u00bb, a los ciudadanos de las zonas fronterizas \u00abacosados\u00bb y material de exploraci\u00f3n de petr\u00f3leo \u00abincautado\u00bb.<\/p>\n<p>Record\u00f3 que la frontera se delimit\u00f3 hace 116 a\u00f1os a trav\u00e9s de un arbitraje internacional y advirti\u00f3 que los reclamos venezolanos afectan tambi\u00e9n a otros pa\u00edses de Caricom.<\/p>\n<p>En ese mismo sentido su ministro de Asuntos Exteriores, Carl Greenidge, dijo que los l\u00edmites fronterizos defendidos por Venezuela, \u00abaparte de ser ilegales ante la ley internacional, le otorgan espacios mar\u00edtimos y otros recursos que son aceptados como parte de la Zona Econ\u00f3mica Exclusiva de cada Estado en el Caribe Oriental, desde San Crist\u00f3bal y Nieves hasta Granada y Surinam\u00bb.<\/p>\n<p>Seg\u00fan fuentes de la organizaci\u00f3n, est\u00e1 previsto que el presidente de Venezuela, Nicol\u00e1s Maduro, participe ma\u00f1ana en la cumbre y se re\u00fana con Granger, quien dijo estar preparado para dicho encuentro, aunque la visita no ha sido anunciada oficialmente.<\/p>\n<p>\u00abCualquier Estado que sistem\u00e1tica, c\u00ednica e incansablemente busca repudiar solemnes acuerdos internacionales y socavar la seguridad y la soberan\u00eda de otro Estado debe ser condenado\u00bb, dijo Granger, quien accedi\u00f3 al poder el pasado mayo.<\/p>\n<p>A\u00f1adi\u00f3 que Venezuela, \u00abconsciente, de su riqueza y fuerza militar y naval, y sin pensar en la dif\u00edcil situaci\u00f3n de los pobres de una de las \u00e1reas m\u00e1s peque\u00f1as y menos pobladas del mundo, ha recurrido de nuevo a la intimidaci\u00f3n y la amenaza del uso de la fuerza\u00bb.<\/p>\n<p>\u00abNos arriesgamos a ser miniaturizados y marginados y en nuestros esfuerzos para mejorar nuestras econom\u00edas podr\u00edamos ser trivializados\u00bb, advirti\u00f3 el mandatario a sus hom\u00f3logos caribe\u00f1os.<\/p>\n<p>En declaraciones a la prensa, el secretario general de Caricom, Irwin LaRoque, rehus\u00f3 hoy pronunciarse sobre el asunto y apel\u00f3 a la diplomacia discreta en el acercamiento con Venezuela, un pa\u00eds que no es de la organizaci\u00f3n territorial, pero s\u00ed es un importante suministrador de petr\u00f3leo a precios ventajosos.<\/p>\n<p>En el discurso que ofreci\u00f3 en la ceremonia de apertura que tuvo lugar este jueves, LaRoque tampoco se pronunci\u00f3 sobre este asunto.<\/p>\n<p>El Gobierno de Guyana ha intensificado su b\u00fasqueda e apoyo internacional desde que Maduro firmara un decreto el pasado mayo en el que, seg\u00fan el primero, el segundo modifica sus fronteras mar\u00edtimas para incluir una amplia zona que lleva d\u00e9cadas reclamando a Guyana y que incluye un territorio donde recientemente se descubri\u00f3 un importante yacimiento de petr\u00f3leo.<\/p>\n<p>Antes de emitir el decreto, Venezuela hab\u00eda escrito en dos ocasiones a la filial local de la petrolera Exxon Mobil pidi\u00e9ndole que se abstuviera de explorar los recursos petroleros en el \u00e1rea. En ambas ocasiones, el Gobierno de Guyana emiti\u00f3 fuertes objeciones.<\/p>\n","protected":false},"excerpt":{"rendered":"<p>Bridgetown.&#8211; El presidente de Guyana, David Granger, pidi\u00f3 este jueves a la Comunidad del Caribe (Caricom) que condene \u00aben los t\u00e9rminos m\u00e1s en\u00e9rgicos\u00bb los reclamos territoriales de Venezuela, que, seg\u00fan dijo, se ha convertido en una \u00abcarga insoportable\u00bb para su pa\u00eds. En su discurso en la ceremonia de apertura de la 36 cumbre de Caricom, [&hellip;]<\/p>\n","protected":false},"author":7,"featured_media":15004,"comment_status":"open","ping_status":"open","sticky":false,"template":"","format":"standard","meta":{"footnotes":""},"categories":[40,43,48],"tags":[],"class_list":["post-14998","post","type-post","status-publish","format-standard","has-post-thumbnail","hentry","category-internacionales","category-politica","category-venezuela"],"_links":{"self":[{"href":"https:\/\/2horizontes.com\/index.php?rest_route=\/wp\/v2\/posts\/14998","targetHints":{"allow":["GET"]}}],"collection":[{"href":"https:\/\/2horizontes.com\/index.php?rest_route=\/wp\/v2\/posts"}],"about":[{"href":"https:\/\/2horizontes.com\/index.php?rest_route=\/wp\/v2\/types\/post"}],"author":[{"embeddable":true,"href":"https:\/\/2horizontes.com\/index.php?rest_route=\/wp\/v2\/users\/7"}],"replies":[{"embeddable":true,"href":"https:\/\/2horizontes.com\/index.php?rest_route=%2Fwp%2Fv2%2Fcomments&post=14998"}],"version-history":[{"count":1,"href":"https:\/\/2horizontes.com\/index.php?rest_route=\/wp\/v2\/posts\/14998\/revisions"}],"predecessor-version":[{"id":15002,"href":"https:\/\/2horizontes.com\/index.php?rest_route=\/wp\/v2\/posts\/14998\/revisions\/15002"}],"wp:featuredmedia":[{"embeddable":true,"href":"https:\/\/2horizontes.com\/index.php?rest_route=\/wp\/v2\/media\/15004"}],"wp:attachment":[{"href":"https:\/\/2horizontes.com\/index.php?rest_route=%2Fwp%2Fv2%2Fmedia&parent=14998"}],"wp:term":[{"taxonomy":"category","embeddable":true,"href":"https:\/\/2horizontes.com\/index.php?rest_route=%2Fwp%2Fv2%2Fcategories&post=14998"},{"taxonomy":"post_tag","embeddable":true,"href":"https:\/\/2horizontes.com\/index.php?rest_route=%2Fwp%2Fv2%2Ftags&post=14998"}],"curies":[{"name":"wp","href":"https:\/\/api.w.org\/{rel}","templated":true}]}}