{"id":14989,"date":"2015-07-03T14:56:31","date_gmt":"2015-07-03T13:56:31","guid":{"rendered":"http:\/\/2horizontes.com\/?p=14989"},"modified":"2015-07-03T14:56:31","modified_gmt":"2015-07-03T13:56:31","slug":"eeuu-busca-reanudar-su-dialogo-de-derechos-humanos-con-cuba","status":"publish","type":"post","link":"https:\/\/2horizontes.com\/?p=14989","title":{"rendered":"EEUU busca reanudar su di\u00e1logo de derechos humanos con Cuba"},"content":{"rendered":"<div id=\"ArticleAuthorDiv\" class=\"article-body-author\"><b>EFE<\/b><\/div>\n<div id=\"ArticleSourceDiv\" class=\"article-body-author\"><b>Washington<\/b><\/div>\n<div id=\"ArticleBody\">\n<p>Tras anunciar que abrir\u00e1 su embajada en La Habana el 20 de julio, Estados Unidos vuelve hoy la vista hacia el resto de di\u00e1logos pendientes en el proceso de normalizaci\u00f3n con Cuba, entre los que se espera que el relativo a derechos humanos cobre protagonismo dadas las marcadas diferencias sobre el tema.<\/p>\n<p>El di\u00e1logo sobre derechos humanos, iniciado en marzo con una primera sesi\u00f3n de car\u00e1cter t\u00e9cnico, es el tema m\u00e1s espinoso en el proceso de normalizaci\u00f3n completa de relaciones entre EE.UU. y Cuba, debido a los antag\u00f3nicos puntos de vista y el reclamo estadounidense de una mejora en la libertad de expresi\u00f3n y asociaci\u00f3n en la isla.<\/p>\n<p>\u00abSobre el di\u00e1logo de derechos humanos, estamos ahora coordinando la fecha para la segunda ronda\u00bb, revel\u00f3 una alta funcionaria del Departamento de Estado, que pidi\u00f3 el anonimato, en una conferencia de prensa telef\u00f3nica este mi\u00e9rcoles.<\/p>\n<p>Seg\u00fan expertos consultados hoy por Efe, no se espera que el di\u00e1logo resulte en grandes acuerdos, pero s\u00ed ser\u00e1 un foco de tensi\u00f3n importante en el proceso de normalizaci\u00f3n iniciado en diciembre por los presidentes de EE.UU., Barack Obama, y Cuba, Ra\u00fal Castro, e impulsado el mi\u00e9rcoles con el anuncio de que los lazos diplom\u00e1ticos se retomar\u00e1n este mes.<\/p>\n<p>\u00abEl di\u00e1logo ser\u00e1 un foro para airear las diferencias entre el \u00e9nfasis de Cuba en los derechos econ\u00f3micos y sociales y el enfoque de Estados Unidos en los derechos pol\u00edticos y civiles\u00bb, dijo a Efe Ted Piccone, experto en Cuba en el centro de estudios Brookings.<\/p>\n<p>En la primera sesi\u00f3n del di\u00e1logo, en marzo, la delegaci\u00f3n de Cuba denunci\u00f3 la \u00abbrutalidad y el abuso policial\u00bb en EE.UU., las \u00ablimitaciones\u00bb a los derechos laborales, las \u00abejecuciones extrajudiciales con el uso de drones\u00bb y el \u00ablimbo jur\u00eddico de los prisioneros en Guant\u00e1namo\u00bb, la prisi\u00f3n situada en la isla.<\/p>\n<p>Por su parte, Estados Unidos no ha ocultado sus diferencias con Cuba en lo referente al trato a los disidentes en la isla y la restricci\u00f3n de la libertad de expresi\u00f3n.<\/p>\n<p>En su informe anual sobre los derechos humanos en el mundo, publicado la semana pasada, el Departamento de Estado denunci\u00f3 que Cuba registr\u00f3 el a\u00f1o pasado casi 9.000 detenciones arbitrarias y de corto plazo, la cifra m\u00e1s alta en los \u00faltimos cinco a\u00f1os.<\/p>\n<p>\u00abEl mayor problema es el aumento en el n\u00famero de detenciones arbitrarias y el acoso de la sociedad civil en Cuba. Quienes se oponen a la pol\u00edtica de Obama en el Congreso exigen mejoras en esas \u00e1reas como condici\u00f3n para relajar el embargo\u00bb, explic\u00f3 Piccone.<\/p>\n<p>Estados Unidos ha reconocido algunos avances por parte de Cuba, como la liberaci\u00f3n a comienzos de este a\u00f1o de 53 individuos que Washington consideraba prisioneros pol\u00edticos y las se\u00f1ales del Gobierno cubano de que podr\u00eda permitir un mayor acceso de la ONU y el Comit\u00e9 Internacional de la Cruz Roja.<\/p>\n<p>Seg\u00fan Piccone, la visita del papa Francisco a Cuba en septiembre \u00abser\u00e1 una buena oportunidad para dar seguimiento a los compromisos de derechos humanos\u00bb del Gobierno cubano.<\/p>\n<p>Sin embargo, si Cuba cambia su pol\u00edtica de derechos humanos \u00abser\u00e1 porque se est\u00e1 adaptando a acontecimientos internos\u00bb en la isla y no por su di\u00e1logo con EE.UU., seg\u00fan afirm\u00f3 a Efe el presidente del centro de estudios Di\u00e1logo Interamericano, Michael Shifter.<\/p>\n<p>Estados Unidos conf\u00eda, en todo caso, en que la mejora de su relaci\u00f3n con Latinoam\u00e9rica propiciada por el acercamiento a Cuba repercuta precisamente en una mayor voluntad de los pa\u00edses del continente de presionar a Cuba para que aumente su respeto a los derechos humanos.<\/p>\n<p>\u00abHay muchos pa\u00edses en el continente que trabajar\u00e1n con nosotros, p\u00fablicamente o en privado\u00bb, para presionar a Cuba en ese sentido, asegur\u00f3 en mayo la secretaria de Estado adjunta de EE.UU. para Latinoam\u00e9rica, Roberta Jacobson.<\/p>\n<p>Pero seg\u00fan los expertos, es poco probable que haya denuncias p\u00fablicas de los pa\u00edses del continente sobre un tema tan delicado.<\/p>\n<p>\u00abComo mucho, veremos a otros pa\u00edses latinoamericanos aumentar su diplomacia privada con La Habana y alentarles a mejorar su historial de derechos humanos\u00bb, pronostic\u00f3 Piccone.<\/p>\n<p>Con \u00e9l coinciden Shifter y Geoff Thale, el director de programas de la Oficina de Washington para Latinoam\u00e9rica (WOLA).<\/p>\n<p>\u00abLos m\u00e1s de 50 a\u00f1os de embargo de EE.UU. han fijado, para muchos Gobiernos y actores pol\u00edticos, la noci\u00f3n de que las peticiones de cambio en Cuba son en realidad parte de una estrategia para el cambio de r\u00e9gimen, y no creo que ese concepto vaya a cambiar de la noche a la ma\u00f1ana\u00bb, indic\u00f3 Thale a Efe.<\/p>\n<p>Entre los otros di\u00e1logos iniciados entre EE.UU. y Cuba hay uno sobre telecomunicaciones y otro sobre tr\u00e1fico de personas, adem\u00e1s de las conversaciones pendientes sobre los reclamos de compensaci\u00f3n econ\u00f3mica de ambas partes y la solicitud de Washington de extraditar a algunos fugitivos buscados por la Justicia estadounidense.<\/p>\n<\/div>\n<div><\/div>\n<p>&nbsp;<\/p>\n","protected":false},"excerpt":{"rendered":"<p>EFE Washington Tras anunciar que abrir\u00e1 su embajada en La Habana el 20 de julio, Estados Unidos vuelve hoy la vista hacia el resto de di\u00e1logos pendientes en el proceso de normalizaci\u00f3n con Cuba, entre los que se espera que el relativo a derechos humanos cobre protagonismo dadas las marcadas diferencias sobre el tema. El [&hellip;]<\/p>\n","protected":false},"author":7,"featured_media":14991,"comment_status":"open","ping_status":"open","sticky":false,"template":"","format":"standard","meta":{"footnotes":""},"categories":[49,40,43],"tags":[],"class_list":["post-14989","post","type-post","status-publish","format-standard","has-post-thumbnail","hentry","category-cuba","category-internacionales","category-politica"],"_links":{"self":[{"href":"https:\/\/2horizontes.com\/index.php?rest_route=\/wp\/v2\/posts\/14989","targetHints":{"allow":["GET"]}}],"collection":[{"href":"https:\/\/2horizontes.com\/index.php?rest_route=\/wp\/v2\/posts"}],"about":[{"href":"https:\/\/2horizontes.com\/index.php?rest_route=\/wp\/v2\/types\/post"}],"author":[{"embeddable":true,"href":"https:\/\/2horizontes.com\/index.php?rest_route=\/wp\/v2\/users\/7"}],"replies":[{"embeddable":true,"href":"https:\/\/2horizontes.com\/index.php?rest_route=%2Fwp%2Fv2%2Fcomments&post=14989"}],"version-history":[{"count":1,"href":"https:\/\/2horizontes.com\/index.php?rest_route=\/wp\/v2\/posts\/14989\/revisions"}],"predecessor-version":[{"id":14992,"href":"https:\/\/2horizontes.com\/index.php?rest_route=\/wp\/v2\/posts\/14989\/revisions\/14992"}],"wp:featuredmedia":[{"embeddable":true,"href":"https:\/\/2horizontes.com\/index.php?rest_route=\/wp\/v2\/media\/14991"}],"wp:attachment":[{"href":"https:\/\/2horizontes.com\/index.php?rest_route=%2Fwp%2Fv2%2Fmedia&parent=14989"}],"wp:term":[{"taxonomy":"category","embeddable":true,"href":"https:\/\/2horizontes.com\/index.php?rest_route=%2Fwp%2Fv2%2Fcategories&post=14989"},{"taxonomy":"post_tag","embeddable":true,"href":"https:\/\/2horizontes.com\/index.php?rest_route=%2Fwp%2Fv2%2Ftags&post=14989"}],"curies":[{"name":"wp","href":"https:\/\/api.w.org\/{rel}","templated":true}]}}