{"id":14925,"date":"2015-07-03T11:44:01","date_gmt":"2015-07-03T10:44:01","guid":{"rendered":"http:\/\/2horizontes.com\/?p=14925"},"modified":"2015-07-03T11:44:01","modified_gmt":"2015-07-03T10:44:01","slug":"desigual-vuelve-a-sus-origenes-con-un-homenaje-a-barcelona","status":"publish","type":"post","link":"https:\/\/2horizontes.com\/?p=14925","title":{"rendered":"Desigual vuelve a sus or\u00edgenes con un homenaje a Barcelona"},"content":{"rendered":"<p>El optimismo y el color viene pisando con fuerza en una colecci\u00f3n con la que Desigual, cuyo lema es &#8216;La vida es chula&#8217;, ha querido rendir homenaje a sus or\u00edgenes inspir\u00e1ndose en Barcelona, la ciudad que la vio nacer, y donde ha presentado su colecci\u00f3n para la pr\u00f3xima primavera-verano 2016, durante la 080 Barcelona Fashion.<\/p>\n<p>Desde las terrazas y los pasajes secretos repletos de flores, hasta los grafitis de los 80 o las baldosas de Gaud\u00ed, la ciudad condal da forma a la nueva colecci\u00f3n &#8216;Learn&#8217;, en una vuelta de tuerca de las asimetr\u00edas, el &#8216;lettering&#8217;, el &#8216;patchwork&#8217; y los detalles &#8216;handcraft&#8217; que caracterizan a la firma.<\/p>\n<p>Vestidos vaporosos, minivestidos rectos estilo a\u00f1os 60, blusas &#8216;oversize&#8217; o pantalones fluidos se ti\u00f1en con estampados inspirados en los grafitti de los a\u00f1os 80 en Barcelona, as\u00ed como con motivos multicolor y blancos y negros que imitan a los preciosistas suelos de mosaico que visten el barrio de l&#8217;Eixample. Bordados, calados, patches de guipur o ganchillo de motivos florales ponen el punto mediterr\u00e1neo a una colecci\u00f3n que respira verano.<\/p>\n","protected":false},"excerpt":{"rendered":"<p>El optimismo y el color viene pisando con fuerza en una colecci\u00f3n con la que Desigual, cuyo lema es &#8216;La vida es chula&#8217;, ha querido rendir homenaje a sus or\u00edgenes inspir\u00e1ndose en Barcelona, la ciudad que la vio nacer, y donde ha presentado su colecci\u00f3n para la pr\u00f3xima primavera-verano 2016, durante la 080 Barcelona Fashion. [&hellip;]<\/p>\n","protected":false},"author":3,"featured_media":14926,"comment_status":"open","ping_status":"open","sticky":false,"template":"","format":"standard","meta":{"footnotes":""},"categories":[52],"tags":[],"class_list":["post-14925","post","type-post","status-publish","format-standard","has-post-thumbnail","hentry","category-moda"],"_links":{"self":[{"href":"https:\/\/2horizontes.com\/index.php?rest_route=\/wp\/v2\/posts\/14925","targetHints":{"allow":["GET"]}}],"collection":[{"href":"https:\/\/2horizontes.com\/index.php?rest_route=\/wp\/v2\/posts"}],"about":[{"href":"https:\/\/2horizontes.com\/index.php?rest_route=\/wp\/v2\/types\/post"}],"author":[{"embeddable":true,"href":"https:\/\/2horizontes.com\/index.php?rest_route=\/wp\/v2\/users\/3"}],"replies":[{"embeddable":true,"href":"https:\/\/2horizontes.com\/index.php?rest_route=%2Fwp%2Fv2%2Fcomments&post=14925"}],"version-history":[{"count":1,"href":"https:\/\/2horizontes.com\/index.php?rest_route=\/wp\/v2\/posts\/14925\/revisions"}],"predecessor-version":[{"id":14927,"href":"https:\/\/2horizontes.com\/index.php?rest_route=\/wp\/v2\/posts\/14925\/revisions\/14927"}],"wp:featuredmedia":[{"embeddable":true,"href":"https:\/\/2horizontes.com\/index.php?rest_route=\/wp\/v2\/media\/14926"}],"wp:attachment":[{"href":"https:\/\/2horizontes.com\/index.php?rest_route=%2Fwp%2Fv2%2Fmedia&parent=14925"}],"wp:term":[{"taxonomy":"category","embeddable":true,"href":"https:\/\/2horizontes.com\/index.php?rest_route=%2Fwp%2Fv2%2Fcategories&post=14925"},{"taxonomy":"post_tag","embeddable":true,"href":"https:\/\/2horizontes.com\/index.php?rest_route=%2Fwp%2Fv2%2Ftags&post=14925"}],"curies":[{"name":"wp","href":"https:\/\/api.w.org\/{rel}","templated":true}]}}