{"id":14915,"date":"2015-07-03T10:52:44","date_gmt":"2015-07-03T09:52:44","guid":{"rendered":"http:\/\/2horizontes.com\/?p=14915"},"modified":"2015-07-03T10:52:44","modified_gmt":"2015-07-03T09:52:44","slug":"prisiones-descarta-trato-de-favor-a-isabel-pantoja-en-la-carcel","status":"publish","type":"post","link":"https:\/\/2horizontes.com\/?p=14915","title":{"rendered":"Prisiones descarta trato de favor a Isabel Pantoja en la c\u00e1rcel"},"content":{"rendered":"<p>Instituciones Penitenciarias abri\u00f3 hace 10 d\u00edas una investigaci\u00f3n reservada para averiguar si Isabel Pantoja recibe alg\u00fan trato de favor en la c\u00e1rcel sevillana de Alcal\u00e1 de Guada\u00edra, donde cumple desde noviembre una condena de dos a\u00f1os por blanqueo de capitales, y la conclusi\u00f3n ha sido, \u201crotundamente\u201d, que no. Prisiones asegura que los dos inspectores encargados de las pesquisas \u201chan desmontado\u201d en su informe \u201cpunto por punto\u201d la existencia de supuestos privilegios a la artista. Un total de 56 funcionarios presentaron un escrito de denuncia ante la Delegaci\u00f3n del Gobierno en Andaluc\u00eda.<\/p>\n<p>Los Servicios de Inspecci\u00f3n de la Secretar\u00eda General de Instituciones Penitenciarias han descartado \u201ctajantemente\u201d que Pantoja goce de alg\u00fan privilegio en este penal de mujeres, en el que ingres\u00f3 el 21 de noviembre del a\u00f1o pasado. Para llevar a cabo la \u201cexhaustiva\u201d investigaci\u00f3n, en la que se han analizado 15 supuestas irregularidades, todas rechazadas, se ha tomado declaraci\u00f3n a una muestra \u201csignificativa\u201d de la plantilla y a varias internas, se ha analizado documentaci\u00f3n y se ha realizado un registro \u201csorpresivo y minucioso\u201d en la celda de la cantante.<\/p>\n<p>La informaci\u00f3n facilitada por este organismo del Ministerio del Interior sobre las conclusiones de la investigaci\u00f3n es contundente y est\u00e1 cargada de adjetivos destinados a eliminar cualquier tipo de duda. Es \u201crotundamente falso\u201d que la celda y el m\u00f3dulo en el que est\u00e1 interna Pantoja fueran reformados por la llegada de esta reclusa, como denunci\u00f3 el sindicato Acaip a finales de noviembre pasado. Tampoco es cierto, seg\u00fan la inspecci\u00f3n, que la artista haya disfrutado de un tel\u00e9fono m\u00f3vil y de un microondas durante este tiempo. A esta interna se le han practicado hasta 14 cacheos en su habit\u00e1culo y en ninguno de inform\u00f3 de anomal\u00eda alguna.<\/p>\n<p>Pantoja no desayun\u00f3 en el economato de la prisi\u00f3n con la directora de la c\u00e1rcel, Isabel Cabello, el d\u00eda 1 de junio, justo antes de salir por primera vez del penal para disfrutar de su primer permiso penitenciario, tal y como se denunci\u00f3. Se ha constatado que la reclusa permaneci\u00f3 en su m\u00f3dulo durante la hora de esa comida. Otra queja de los funcionarios fue el n\u00famero de paquetes con los que Pantoja volvi\u00f3 a prisi\u00f3n tras esa salida, aunque la inspecci\u00f3n ha verificado que no existe ninguna norma sobre el n\u00famero de bultos que puede portar una interna al regresar de un permiso.<\/p>\n","protected":false},"excerpt":{"rendered":"<p>Instituciones Penitenciarias abri\u00f3 hace 10 d\u00edas una investigaci\u00f3n reservada para averiguar si Isabel Pantoja recibe alg\u00fan trato de favor en la c\u00e1rcel sevillana de Alcal\u00e1 de Guada\u00edra, donde cumple desde noviembre una condena de dos a\u00f1os por blanqueo de capitales, y la conclusi\u00f3n ha sido, \u201crotundamente\u201d, que no. Prisiones asegura que los dos inspectores encargados [&hellip;]<\/p>\n","protected":false},"author":3,"featured_media":14916,"comment_status":"open","ping_status":"open","sticky":false,"template":"","format":"standard","meta":{"footnotes":""},"categories":[85],"tags":[],"class_list":["post-14915","post","type-post","status-publish","format-standard","has-post-thumbnail","hentry","category-espana"],"_links":{"self":[{"href":"https:\/\/2horizontes.com\/index.php?rest_route=\/wp\/v2\/posts\/14915","targetHints":{"allow":["GET"]}}],"collection":[{"href":"https:\/\/2horizontes.com\/index.php?rest_route=\/wp\/v2\/posts"}],"about":[{"href":"https:\/\/2horizontes.com\/index.php?rest_route=\/wp\/v2\/types\/post"}],"author":[{"embeddable":true,"href":"https:\/\/2horizontes.com\/index.php?rest_route=\/wp\/v2\/users\/3"}],"replies":[{"embeddable":true,"href":"https:\/\/2horizontes.com\/index.php?rest_route=%2Fwp%2Fv2%2Fcomments&post=14915"}],"version-history":[{"count":1,"href":"https:\/\/2horizontes.com\/index.php?rest_route=\/wp\/v2\/posts\/14915\/revisions"}],"predecessor-version":[{"id":14917,"href":"https:\/\/2horizontes.com\/index.php?rest_route=\/wp\/v2\/posts\/14915\/revisions\/14917"}],"wp:featuredmedia":[{"embeddable":true,"href":"https:\/\/2horizontes.com\/index.php?rest_route=\/wp\/v2\/media\/14916"}],"wp:attachment":[{"href":"https:\/\/2horizontes.com\/index.php?rest_route=%2Fwp%2Fv2%2Fmedia&parent=14915"}],"wp:term":[{"taxonomy":"category","embeddable":true,"href":"https:\/\/2horizontes.com\/index.php?rest_route=%2Fwp%2Fv2%2Fcategories&post=14915"},{"taxonomy":"post_tag","embeddable":true,"href":"https:\/\/2horizontes.com\/index.php?rest_route=%2Fwp%2Fv2%2Ftags&post=14915"}],"curies":[{"name":"wp","href":"https:\/\/api.w.org\/{rel}","templated":true}]}}