{"id":14868,"date":"2015-07-03T03:45:17","date_gmt":"2015-07-03T02:45:17","guid":{"rendered":"http:\/\/2horizontes.com\/?p=14868"},"modified":"2015-07-03T03:45:17","modified_gmt":"2015-07-03T02:45:17","slug":"brasil-considera-a-rd-prioridad-para-la-cooperacion","status":"publish","type":"post","link":"https:\/\/2horizontes.com\/?p=14868","title":{"rendered":"Brasil considera a RD \u201cprioridad\u201d para la cooperaci\u00f3n"},"content":{"rendered":"<p>RD-SANTO DOMINGO (EFE).- El Gobierno brasile\u00f1o declar\u00f3 a la Rep\u00fablica Dominicana \u201cprioridad\u201d en materia de cooperaci\u00f3n, tras concluir la II Reuni\u00f3n de Trabajo de Cooperaci\u00f3n T\u00e9cnica en el Ministerio de Econom\u00eda, Planificaci\u00f3n y Desarrollo (MEPyD).<\/p>\n<p>De acuerdo con una informaci\u00f3n divulgada hoy por dicha cartera, la naci\u00f3n suramericana financia o presta apoyo t\u00e9cnico al pa\u00eds en m\u00e1s de diez proyectos ejecutados y en proceso de ejecuci\u00f3n en las \u00e1reas de educaci\u00f3n, planificaci\u00f3n, salud, metrolog\u00eda, seguridad y medio ambiente.<\/p>\n<p>Adem\u00e1s, financi\u00f3 el equipamiento de un taller de alta costura industrial abierto el pasado 24 de junio en el municipio de Consuelo, en la provincia San Pedro de Macor\u00eds.<\/p>\n<p>En el desarrollo de la II Reuni\u00f3n de Trabajo de Cooperaci\u00f3n T\u00e9cnica bilateral, el director de la Agencia Brasile\u00f1a de Cooperaci\u00f3n (ABC), Fernando Marroni, subray\u00f3 que por el n\u00famero de instituciones involucradas en los proyectos y los resultados de los mismos, su pa\u00eds ha declarado a la Rep\u00fablica Dominicana como una \u201cprioridad\u201d en el tema relacionado con la cooperaci\u00f3n.<\/p>\n<p>A su vez, se\u00f1al\u00f3, que el programa bilateral de asistencia entre su pa\u00eds y la Rep\u00fablica Dominicana es un \u201cejemplo mod\u00e9lico\u201d de cooperaci\u00f3n sur-sur, de lo que pueden lograr los pa\u00edses en v\u00edas de desarrollo, cuya cooperaci\u00f3n difiere de las condicionalidades de la norte-sur, de los pa\u00edses desarrollados.<\/p>\n<p>En la reuni\u00f3n particip\u00f3 una delegaci\u00f3n del MEPyD, encabezada por el viceministro, Inocencio Garc\u00eda Javier.<\/p>\n<p>Las delegaciones de los dos pa\u00edses evaluaron proyectos concluidos o en ejecuci\u00f3n, entre ellos el de fortalecimiento de la evaluaci\u00f3n de la educaci\u00f3n b\u00e1sica y media concluido por el Ministerio de Educaci\u00f3n en 2014, incorporado al plan estrat\u00e9gico de esa cartera, y el proyecto de alfabetizaci\u00f3n brasile\u00f1o.<\/p>\n<p>Otros proyectos con apoyo t\u00e9cnico de ABC son la red de bancos de leche humana concluido en 2013 y abierto en 2011 en la Maternidad La Altagracia, el cual ha contribuido a reducir en 21 % la mortalidad infantil, m\u00e1s la proyecci\u00f3n de abrir otro banco de leche materna en Los Mina, seg\u00fan la informaci\u00f3n del MEPyD.<\/p>\n<p>Las dem\u00e1s iniciativas tienen que ver con medidas o metrolog\u00eda en Digenor, en materia de seguridad el de desarme en base a la experiencia de campanas brasile\u00f1as contra la criminalidad y el proyecto cultivando agua buena en el \u00e1rea de medio ambiente.<\/p>\n<p>Los nuevos proyectos evaluados en salud refieren el fortalecimiento del departamento de alimentos y bebidas del Laboratorio Nacional de Salud Dr. Defill\u00f3; en agricultura el programa de desarrollo y diversificaci\u00f3n de la agricultura familiar, y en previdencia social, la planificaci\u00f3n, mejoramiento y aseguramiento de los procesos de gesti\u00f3n basados en la calidad.<\/p>\n<p>Asimismo, al acceso a la justicia y protecci\u00f3n de derecho de las personas con discapacidad, el fortalecimiento del sistema de evaluaci\u00f3n de la educaci\u00f3n primaria y secundaria y la planificaci\u00f3n, la formaci\u00f3n, investigaci\u00f3n y fortalecimiento institucional en pol\u00edticas p\u00fablicas para el desarrollo.<\/p>\n<p>Las partes acordaron definir por la v\u00eda diplom\u00e1tica la celebraci\u00f3n de la III Reuni\u00f3n del Grupo de Trabajo de Cooperaci\u00f3n T\u00e9cnica en 2016. FUENTE: AL MMENTO.NET<\/p>\n","protected":false},"excerpt":{"rendered":"<p>RD-SANTO DOMINGO (EFE).- El Gobierno brasile\u00f1o declar\u00f3 a la Rep\u00fablica Dominicana \u201cprioridad\u201d en materia de cooperaci\u00f3n, tras concluir la II Reuni\u00f3n de Trabajo de Cooperaci\u00f3n T\u00e9cnica en el Ministerio de Econom\u00eda, Planificaci\u00f3n y Desarrollo (MEPyD). De acuerdo con una informaci\u00f3n divulgada hoy por dicha cartera, la naci\u00f3n suramericana financia o presta apoyo t\u00e9cnico al pa\u00eds [&hellip;]<\/p>\n","protected":false},"author":8,"featured_media":14869,"comment_status":"open","ping_status":"open","sticky":false,"template":"","format":"standard","meta":{"footnotes":""},"categories":[63,44],"tags":[],"class_list":["post-14868","post","type-post","status-publish","format-standard","has-post-thumbnail","hentry","category-economia","category-republica-dominicana"],"_links":{"self":[{"href":"https:\/\/2horizontes.com\/index.php?rest_route=\/wp\/v2\/posts\/14868","targetHints":{"allow":["GET"]}}],"collection":[{"href":"https:\/\/2horizontes.com\/index.php?rest_route=\/wp\/v2\/posts"}],"about":[{"href":"https:\/\/2horizontes.com\/index.php?rest_route=\/wp\/v2\/types\/post"}],"author":[{"embeddable":true,"href":"https:\/\/2horizontes.com\/index.php?rest_route=\/wp\/v2\/users\/8"}],"replies":[{"embeddable":true,"href":"https:\/\/2horizontes.com\/index.php?rest_route=%2Fwp%2Fv2%2Fcomments&post=14868"}],"version-history":[{"count":1,"href":"https:\/\/2horizontes.com\/index.php?rest_route=\/wp\/v2\/posts\/14868\/revisions"}],"predecessor-version":[{"id":14870,"href":"https:\/\/2horizontes.com\/index.php?rest_route=\/wp\/v2\/posts\/14868\/revisions\/14870"}],"wp:featuredmedia":[{"embeddable":true,"href":"https:\/\/2horizontes.com\/index.php?rest_route=\/wp\/v2\/media\/14869"}],"wp:attachment":[{"href":"https:\/\/2horizontes.com\/index.php?rest_route=%2Fwp%2Fv2%2Fmedia&parent=14868"}],"wp:term":[{"taxonomy":"category","embeddable":true,"href":"https:\/\/2horizontes.com\/index.php?rest_route=%2Fwp%2Fv2%2Fcategories&post=14868"},{"taxonomy":"post_tag","embeddable":true,"href":"https:\/\/2horizontes.com\/index.php?rest_route=%2Fwp%2Fv2%2Ftags&post=14868"}],"curies":[{"name":"wp","href":"https:\/\/api.w.org\/{rel}","templated":true}]}}