{"id":14763,"date":"2015-07-02T14:48:58","date_gmt":"2015-07-02T13:48:58","guid":{"rendered":"http:\/\/2horizontes.com\/?p=14763"},"modified":"2015-07-02T15:08:52","modified_gmt":"2015-07-02T14:08:52","slug":"caricom-tratara-hoy-politica-migratoria-de-r-d","status":"publish","type":"post","link":"https:\/\/2horizontes.com\/?p=14763","title":{"rendered":"Caricom tratar\u00e1 hoy pol\u00edtica migratoria de R.D."},"content":{"rendered":"<div id=\"ArticleAuthorDiv\" class=\"article-body-author\"><b>EFE<\/b><\/div>\n<div id=\"ArticleSourceDiv\" class=\"article-body-author\"><b>Bridgetown<\/b><\/div>\n<div id=\"ArticleBody\">\n<p>L\u00edderes de la Comunidad del Caribe (Caricom) iniciar\u00e1n hoy la cumbre anual del organismo con debates sobre pol\u00edticas fronterizas comunes, la solicitud de compensaciones por a\u00f1os de esclavitud y la log\u00edstica del principal evento cultural de Caricom, Carifiesta, entre otros asuntos.<\/p>\n<p>La conferencia de tres d\u00edas tendr\u00e1 lugar en Bridgetown, Barbados, donde se espera que los jefes de Estado de los 15 pa\u00edses miembros intercambien opiniones tambi\u00e9n sobre la pol\u00edtica migratoria de la Rep\u00fablica Dominicana.<\/p>\n<p>Seg\u00fan el Gobierno de Barbados, anfitri\u00f3n de la reuni\u00f3n, se espera que acudan tambi\u00e9n el secretario general de las Naciones Unidas, Ban Ki-moon, y el presidente de Panam\u00e1, Juan Carlos Varela.<\/p>\n<p>Seg\u00fan confirm\u00f3 Caricom hoy en un comunicado, durante la cumbre se discutir\u00e1 tambi\u00e9n sobre la disputa fronteriza entre Guyana y Venezuela y las metas de desarrollo sustentable de la regi\u00f3n.<\/p>\n<p>El primer ministro de Barbados, Freundel Stuart, liderar\u00e1 esta reuni\u00f3n, as\u00ed como tambi\u00e9n la discusi\u00f3n sobre las compensaciones por los a\u00f1os de esclavitud, que busca que antiguas potencias colonizadoras de Europa negocien con Caricom una serie de indemnizaciones y reconocimientos.<\/p>\n<p>Entre ellas, Caricom estudia la posibilidad de exigir una disculpa formal de los pa\u00edses europeos, la cancelaci\u00f3n de deuda externa y la repatriaci\u00f3n de descendientes, entre otros objetivos.<\/p>\n<p>Adem\u00e1s, se buscar\u00e1 avanzar la organizaci\u00f3n de la duod\u00e9cima edici\u00f3n del Festival de Artes del Caribe, mejor conocido como Carifiesta, el principal evento cultural que organiza peri\u00f3dicamente Caricom y que este a\u00f1o tendr\u00e1 lugar en Hait\u00ed entre el 21 y el 30 de agosto.<\/p>\n<p>Caricom est\u00e1 integrada por Antigua y Barbuda, Bahamas, Barbados, Belice, Dominica, Granada, Guyana, Hait\u00ed, Jamaica, Montserrat, Santa Luc\u00eda, San Crist\u00f3bal y Nieves, San Vicente y Granadinas, Surinam y Trinidad y Tobago.<\/p>\n<\/div>\n","protected":false},"excerpt":{"rendered":"<p>EFE Bridgetown L\u00edderes de la Comunidad del Caribe (Caricom) iniciar\u00e1n hoy la cumbre anual del organismo con debates sobre pol\u00edticas fronterizas comunes, la solicitud de compensaciones por a\u00f1os de esclavitud y la log\u00edstica del principal evento cultural de Caricom, Carifiesta, entre otros asuntos. La conferencia de tres d\u00edas tendr\u00e1 lugar en Bridgetown, Barbados, donde se [&hellip;]<\/p>\n","protected":false},"author":7,"featured_media":14768,"comment_status":"open","ping_status":"open","sticky":false,"template":"","format":"standard","meta":{"footnotes":""},"categories":[54,40,43,44],"tags":[],"class_list":["post-14763","post","type-post","status-publish","format-standard","has-post-thumbnail","hentry","category-emigrantes","category-internacionales","category-politica","category-republica-dominicana"],"_links":{"self":[{"href":"https:\/\/2horizontes.com\/index.php?rest_route=\/wp\/v2\/posts\/14763","targetHints":{"allow":["GET"]}}],"collection":[{"href":"https:\/\/2horizontes.com\/index.php?rest_route=\/wp\/v2\/posts"}],"about":[{"href":"https:\/\/2horizontes.com\/index.php?rest_route=\/wp\/v2\/types\/post"}],"author":[{"embeddable":true,"href":"https:\/\/2horizontes.com\/index.php?rest_route=\/wp\/v2\/users\/7"}],"replies":[{"embeddable":true,"href":"https:\/\/2horizontes.com\/index.php?rest_route=%2Fwp%2Fv2%2Fcomments&post=14763"}],"version-history":[{"count":1,"href":"https:\/\/2horizontes.com\/index.php?rest_route=\/wp\/v2\/posts\/14763\/revisions"}],"predecessor-version":[{"id":14773,"href":"https:\/\/2horizontes.com\/index.php?rest_route=\/wp\/v2\/posts\/14763\/revisions\/14773"}],"wp:featuredmedia":[{"embeddable":true,"href":"https:\/\/2horizontes.com\/index.php?rest_route=\/wp\/v2\/media\/14768"}],"wp:attachment":[{"href":"https:\/\/2horizontes.com\/index.php?rest_route=%2Fwp%2Fv2%2Fmedia&parent=14763"}],"wp:term":[{"taxonomy":"category","embeddable":true,"href":"https:\/\/2horizontes.com\/index.php?rest_route=%2Fwp%2Fv2%2Fcategories&post=14763"},{"taxonomy":"post_tag","embeddable":true,"href":"https:\/\/2horizontes.com\/index.php?rest_route=%2Fwp%2Fv2%2Ftags&post=14763"}],"curies":[{"name":"wp","href":"https:\/\/api.w.org\/{rel}","templated":true}]}}