{"id":1475,"date":"2014-06-20T22:34:46","date_gmt":"2014-06-20T22:34:46","guid":{"rendered":"http:\/\/2horizontes.com\/?p=1475"},"modified":"2014-06-20T22:37:40","modified_gmt":"2014-06-20T22:37:40","slug":"sondeo-65-desaprobacion-al-presidente-barack-obama-por-migracion","status":"publish","type":"post","link":"https:\/\/2horizontes.com\/?p=1475","title":{"rendered":"Sondeo: 65% desaprobaci\u00f3n al presidente Barack Obama por migraci\u00f3n"},"content":{"rendered":"<div id=\"ArticleSourceDiv\" class=\"article-body-author\" style=\"margin-top: 0;\"><b>AP. <a href=\"http:\/\/2horizontes.com\/wp-content\/uploads\/2014\/06\/obama1.jpeg\"><img loading=\"lazy\" decoding=\"async\" class=\"alignleft size-medium wp-image-1476\" src=\"http:\/\/2horizontes.com\/wp-content\/uploads\/2014\/06\/obama1-300x205.jpeg\" alt=\"obama\" width=\"300\" height=\"205\" srcset=\"https:\/\/2horizontes.com\/wp-content\/uploads\/2014\/06\/obama1-300x205.jpeg 300w, https:\/\/2horizontes.com\/wp-content\/uploads\/2014\/06\/obama1-510x348.jpeg 510w, https:\/\/2horizontes.com\/wp-content\/uploads\/2014\/06\/obama1-624x426.jpeg 624w, https:\/\/2horizontes.com\/wp-content\/uploads\/2014\/06\/obama1.jpeg 673w\" sizes=\"auto, (max-width: 300px) 100vw, 300px\" \/><\/a>Washington.- <\/b>La desaprobaci\u00f3n de los estadounidenses hacia el manejo que el presidente Barack Obama ha dado a la pol\u00edtica migratoria aument\u00f3 10 puntos durante el \u00faltimo a\u00f1o para ubicarse en 65%, seg\u00fan un sondeo difundido el viernes.<\/div>\n<div id=\"ArticleBody\" style=\"margin-top: 10px;\">\n<p class=\"p1\">La encuestadora Gallup dijo que la aprobaci\u00f3n ha disminuido incluso entre sus copartidarios dem\u00f3cratas, ya que perdi\u00f3 ocho puntos para alcanzar el 60%. Apenas 8% de los republicanos expresaron aprobaci\u00f3n, la mitad de lo registrado en agosto de 2013.<\/p>\n<p class=\"p1\">La difusi\u00f3n de la encuesta ocurri\u00f3 semanas despu\u00e9s de que la Casa Blanca pospusiera una revisi\u00f3n de su pol\u00edtica de deportaciones con el objetivo de propiciar que la mayor\u00eda republicana en la c\u00e1mara baja aborde una reforma migratoria antes de que el Congreso inicie su receso veraniego el 1 de agosto.<\/p>\n<p class=\"p1\">El Congreso mantiene en el limbo a la reforma migratoria ya que la mayor\u00eda republicana en la C\u00e1mara de Representantes se ha negado a debatir el proyecto aprobado hace 12 meses por el Senado, de mayor\u00eda dem\u00f3crata, que contempla la posibilidad de que parte de los 11 millones de inmigrantes sin autorizaci\u00f3n opten a la naturalizaci\u00f3n.<\/p>\n<p class=\"p1\">Ante la falta de progreso en el Congreso, inmigrantes y activistas han aumentado su presi\u00f3n para que la Casa Blanca suspenda m\u00e1s deportaciones v\u00eda administrativa, alegando que golpean de manera desproporcionada a familias hispanas.<\/p>\n<p class=\"p1\">Se estima que al menos dos millones de personas han sido deportadas desde que Obama asumi\u00f3 el poder en 2009.<\/p>\n<p class=\"p1\">La encuesta Gallup coincidi\u00f3 con el debate generado en Washington por la llegada a la frontera sur durante los \u00faltimos ochos meses de al menos 35.000 menores centroamericanos, muchos de los cuales alegan que huyen de la violencia desatada en Honduras, Guatemala y El Salvador y su deseo de reunirse con parientes en Estados Unidos.<\/p>\n<p class=\"p1\">Las autoridades iniciaron procesos de deportaci\u00f3n para los 35.000 menores, los cuales podr\u00e1n presentar alegatos antes de que un juez migratorio dicte sentencia. Pero las leyes migratorias estadounidenses no les brindan asesor\u00eda legal de manera autom\u00e1tica.<\/p>\n<p class=\"p1\">El presidente de la c\u00e1mara baja, el republicano por Ohio John Boehner, exhort\u00f3 el viernes a Obama a enviar efectivos de la Guardia Nacional a la frontera para responder al \u00e9xodo de ni\u00f1os centroamericanos.<\/p>\n<p class=\"p1\">La portavoz del partido republicano Izzy Santa dijo refiri\u00e9ndose a la encuesta que \u00abhasta que el presidente Obama arregle el problema real en nuestra frontera y los estadounidenses lo vean aplicando las leyes, tendremos un problema de percepci\u00f3n en el extranjero y un problema de aprobaci\u00f3n en casa\u00bb.<\/p>\n<p class=\"p1\">Gallup entrevist\u00f3 v\u00eda telef\u00f3nica a 1.027 adultos entre el 5 y 8 de junio. El margen de error es de 4 puntos porcentuales.<\/p>\n<p class=\"p1\">Otros sondeos recientes han encontrado que la desaprobaci\u00f3n de los estadounidenses al manejo que Obama ha dado al tema migratorio es levemente menor. La encuesta AP-Gfk la ubic\u00f3 en mayo en 60%.<\/p>\n<\/div>\n","protected":false},"excerpt":{"rendered":"<p>AP. Washington.- La desaprobaci\u00f3n de los estadounidenses hacia el manejo que el presidente Barack Obama ha dado a la pol\u00edtica migratoria aument\u00f3 10 puntos durante el \u00faltimo a\u00f1o para ubicarse en 65%, seg\u00fan un sondeo difundido el viernes. La encuestadora Gallup dijo que la aprobaci\u00f3n ha disminuido incluso entre sus copartidarios dem\u00f3cratas, ya que perdi\u00f3 [&hellip;]<\/p>\n","protected":false},"author":1,"featured_media":0,"comment_status":"open","ping_status":"open","sticky":false,"template":"","format":"standard","meta":{"footnotes":""},"categories":[1],"tags":[],"class_list":["post-1475","post","type-post","status-publish","format-standard","hentry","category-entretenimiento"],"_links":{"self":[{"href":"https:\/\/2horizontes.com\/index.php?rest_route=\/wp\/v2\/posts\/1475","targetHints":{"allow":["GET"]}}],"collection":[{"href":"https:\/\/2horizontes.com\/index.php?rest_route=\/wp\/v2\/posts"}],"about":[{"href":"https:\/\/2horizontes.com\/index.php?rest_route=\/wp\/v2\/types\/post"}],"author":[{"embeddable":true,"href":"https:\/\/2horizontes.com\/index.php?rest_route=\/wp\/v2\/users\/1"}],"replies":[{"embeddable":true,"href":"https:\/\/2horizontes.com\/index.php?rest_route=%2Fwp%2Fv2%2Fcomments&post=1475"}],"version-history":[{"count":2,"href":"https:\/\/2horizontes.com\/index.php?rest_route=\/wp\/v2\/posts\/1475\/revisions"}],"predecessor-version":[{"id":1478,"href":"https:\/\/2horizontes.com\/index.php?rest_route=\/wp\/v2\/posts\/1475\/revisions\/1478"}],"wp:attachment":[{"href":"https:\/\/2horizontes.com\/index.php?rest_route=%2Fwp%2Fv2%2Fmedia&parent=1475"}],"wp:term":[{"taxonomy":"category","embeddable":true,"href":"https:\/\/2horizontes.com\/index.php?rest_route=%2Fwp%2Fv2%2Fcategories&post=1475"},{"taxonomy":"post_tag","embeddable":true,"href":"https:\/\/2horizontes.com\/index.php?rest_route=%2Fwp%2Fv2%2Ftags&post=1475"}],"curies":[{"name":"wp","href":"https:\/\/api.w.org\/{rel}","templated":true}]}}