{"id":14738,"date":"2015-07-02T14:28:17","date_gmt":"2015-07-02T13:28:17","guid":{"rendered":"http:\/\/2horizontes.com\/?p=14738"},"modified":"2015-07-02T14:28:17","modified_gmt":"2015-07-02T13:28:17","slug":"exguerrilleras-encarceladas-en-colombia-terminan-curso-de-resocializacion","status":"publish","type":"post","link":"https:\/\/2horizontes.com\/?p=14738","title":{"rendered":"Exguerrilleras encarceladas en Colombia terminan curso de resocializaci\u00f3n"},"content":{"rendered":"<div id=\"ArticleAuthorDiv\" class=\"article-body-author\"><b>AFP<\/b><\/div>\n<div id=\"ArticleSourceDiv\" class=\"article-body-author\"><b>Colombia<\/b><\/div>\n<div id=\"ArticleBody\">\n<p>Un grupo de 34 exguerrilleras, encarceladas en el marco del conflicto armado en Colombia, se graduaron este mi\u00e9rcoles del primer curso oficial para su resocializaci\u00f3n, destinado a excombatientes encarcelados que hayan desistido de grupos armados ilegales para acceder a beneficios legales.<\/p>\n<p>Tras una formaci\u00f3n de 10 meses en temas jur\u00eddicos, de derechos humanos y emprendimiento, recibiendo paralelamente asistencia psicol\u00f3gica, las exintegrantes de guerrillas de izquierda, internas en una prisi\u00f3n de mediana seguridad en el municipio de Chiquinquir\u00e1 (centro), fueron las primeras graduadas de este programa del Ministerio de Justicia que aspira a la reconciliaci\u00f3n.<\/p>\n<p>\u00abEs nuestro deseo pedir perd\u00f3n a la sociedad por los da\u00f1os causados y ante todo demostrar que hemos dejado atr\u00e1s diferencias injustificables\u00bb, dijo ante un auditorio en ese centro penitenciario Lady Eusse, una de las beneficiadas del curso.<\/p>\n<p>Se trata de la primera formaci\u00f3n de este tipo para quienes se acogieron a la ley 975 de 2005 (ley de Justicia y Paz), creada inicialmente para beneficiar a paramilitares de derecha que se desmovilizaron masivamente durante el primer gobierno de \u00c1lvaro Uribe (2002-2006), pero que aplica para los desmovilizados de todos los grupos armados que han participado en el longevo conflicto armado colombiano.<\/p>\n<p>El Estado \u00abdebe buscar mecanismos que le permitan a las personas sentenciadas integrarse a la vida en sociedad despu\u00e9s de saldar sus cuentas con la justicia\u00bb, afirm\u00f3 en el evento el ministro de Justicia, Yesid Reyes.<\/p>\n<p>\u00abDe lo contrario, no habr\u00e1 servido de nada ni la retaliaci\u00f3n propia de la sanci\u00f3n penal ni sus prop\u00f3sitos preventivos\u00bb, insisti\u00f3 el funcionario, quien destac\u00f3 que el programa se adelanta en varias c\u00e1rceles de Colombia, aunque \u00e9ste es el primer grupo que lo finaliza con \u00e9xito.<\/p>\n<p>La ley de Justicia y Paz contempla una pena m\u00e1xima de ocho a\u00f1os de prisi\u00f3n para quienes hayan decidido dejar las armas voluntariamente, a cambio de cumplir con requisitos de verdad y reparaci\u00f3n.<\/p>\n<p>De los beneficiados por esta norma, unos 1.800 cumplen su pena en prisi\u00f3n y ese es el p\u00fablico que aspira a cubrir el proyecto oficial de resocializaci\u00f3n, seg\u00fan la cartera de Justicia.<\/p>\n<p>Antes de este proyecto, una entidad estatal, la Agencia Colombiana para la Reintegraci\u00f3n (ACR), ya adelantaba el proceso para la reinserci\u00f3n de excombatientes de grupos armados ilegales.<\/p>\n<p>Sin embargo, es la primera vez que una pol\u00edtica de este tipo trabaja con los desmovilizados dentro de las mismas c\u00e1rceles donde cumplen condena, indic\u00f3 una fuente del ministerio.<\/p>\n<p>\u00abCon su ejemplo est\u00e1n abriendo camino para que muchos m\u00e1s avancen por esta senda y con su ayuda nos permitan consolidar una verdadera pol\u00edtica p\u00fablica de resocializaci\u00f3n que nos ayude a cimentar la paz\u00bb, agreg\u00f3 Reyes en un discurso a las presas.<\/p>\n<p>Para poner fin al conflicto que ha dejado al menos 220.000 muertos y m\u00e1s de seis millones de desplazados, el gobierno colombiano y la guerrilla Fuerzas Armadas Revolucionarias de Colombia (FARC, comunistas), adelantan di\u00e1logos de paz desde noviembre de 2012 en La Habana.<\/p>\n<p>Actualmente, debaten el espinoso tema de la justicia transicional.<\/p>\n<\/div>\n","protected":false},"excerpt":{"rendered":"<p>AFP Colombia Un grupo de 34 exguerrilleras, encarceladas en el marco del conflicto armado en Colombia, se graduaron este mi\u00e9rcoles del primer curso oficial para su resocializaci\u00f3n, destinado a excombatientes encarcelados que hayan desistido de grupos armados ilegales para acceder a beneficios legales. Tras una formaci\u00f3n de 10 meses en temas jur\u00eddicos, de derechos humanos [&hellip;]<\/p>\n","protected":false},"author":7,"featured_media":14742,"comment_status":"open","ping_status":"open","sticky":false,"template":"","format":"standard","meta":{"footnotes":""},"categories":[50,40],"tags":[],"class_list":["post-14738","post","type-post","status-publish","format-standard","has-post-thumbnail","hentry","category-colombia","category-internacionales"],"_links":{"self":[{"href":"https:\/\/2horizontes.com\/index.php?rest_route=\/wp\/v2\/posts\/14738","targetHints":{"allow":["GET"]}}],"collection":[{"href":"https:\/\/2horizontes.com\/index.php?rest_route=\/wp\/v2\/posts"}],"about":[{"href":"https:\/\/2horizontes.com\/index.php?rest_route=\/wp\/v2\/types\/post"}],"author":[{"embeddable":true,"href":"https:\/\/2horizontes.com\/index.php?rest_route=\/wp\/v2\/users\/7"}],"replies":[{"embeddable":true,"href":"https:\/\/2horizontes.com\/index.php?rest_route=%2Fwp%2Fv2%2Fcomments&post=14738"}],"version-history":[{"count":1,"href":"https:\/\/2horizontes.com\/index.php?rest_route=\/wp\/v2\/posts\/14738\/revisions"}],"predecessor-version":[{"id":14744,"href":"https:\/\/2horizontes.com\/index.php?rest_route=\/wp\/v2\/posts\/14738\/revisions\/14744"}],"wp:featuredmedia":[{"embeddable":true,"href":"https:\/\/2horizontes.com\/index.php?rest_route=\/wp\/v2\/media\/14742"}],"wp:attachment":[{"href":"https:\/\/2horizontes.com\/index.php?rest_route=%2Fwp%2Fv2%2Fmedia&parent=14738"}],"wp:term":[{"taxonomy":"category","embeddable":true,"href":"https:\/\/2horizontes.com\/index.php?rest_route=%2Fwp%2Fv2%2Fcategories&post=14738"},{"taxonomy":"post_tag","embeddable":true,"href":"https:\/\/2horizontes.com\/index.php?rest_route=%2Fwp%2Fv2%2Ftags&post=14738"}],"curies":[{"name":"wp","href":"https:\/\/api.w.org\/{rel}","templated":true}]}}