{"id":14696,"date":"2015-07-02T09:52:12","date_gmt":"2015-07-02T08:52:12","guid":{"rendered":"http:\/\/2horizontes.com\/?p=14696"},"modified":"2015-07-02T09:52:12","modified_gmt":"2015-07-02T08:52:12","slug":"costa-rica-tampoco-asistira-a-miss-universo","status":"publish","type":"post","link":"https:\/\/2horizontes.com\/?p=14696","title":{"rendered":"Costa Rica tampoco asistir\u00e1 a Miss Universo"},"content":{"rendered":"<p>Teletica no transmitir\u00e1 el concurso Miss Universo ni acudir\u00e1 al certamen por las opiniones de Donald Trump &#8216;M\u00e9xico manda a su gente a EU, pero no manda lo mejor&#8217;; cambiar\u00eda su decisi\u00f3n si el magnate ofrece disculpas por sus declaraciones<br \/>\nSAN JOS\u00c9, Costa Rica, jul. 1, 2015.- La organizaci\u00f3n de Miss Costa Rica anunci\u00f3 hoy que no enviar\u00e1 representante al concurso Miss Universo debido a las \u00abxen\u00f3fobas\u00bb declaraciones del due\u00f1o de la franquicia, Donald Trump, sobre los inmigrantes mexicanos.<\/p>\n<p>Televisora de Costa Rica (Teletica), que organiza el Miss Costa Rica, inform\u00f3 hoy en su noticiero nocturno de que s\u00ed realizar\u00e1 el certamen local en agosto pr\u00f3ximo, pero la ganadora no ir\u00e1 a Miss Universo, pese a los 40 a\u00f1os de relaci\u00f3n con esa franquicia.<\/p>\n<p>\u00abEl concurso ha procurado unir los m\u00e1s diversos pa\u00edses y culturas, ha realizado importantes campa\u00f1as humanitarias y no ha marginado ninguna concursante por su color de piel, su religi\u00f3n o sus ideas. Por todo esto rechazamos las xen\u00f3fobas y ofensivas declaraciones del due\u00f1o del concurso contra los hermanos mexicanos, y contra todos los latinoamericanos\u00bb, indica el comunicado de Teletica.<\/p>\n<p>El pasado 16 de junio, cuando anunci\u00f3 su intenci\u00f3n de aspirar a la candidatura presidencial republicana para los comicios del a\u00f1o pr\u00f3ximo, Donald Trump lanz\u00f3 duras declaraciones en contra de los inmigrantes mexicanos y propuso levantar un \u00abgran muro\u00bb entre los dos pa\u00edses.<\/p>\n<p>\u00abM\u00e9xico manda a su gente a Estados Unidos, pero no manda lo mejor. Est\u00e1 enviando a gente con un mont\u00f3n de problemas (&#8230;). Est\u00e1n trayendo drogas, el crimen, a los violadores. Asumo que hay algunos que son buenos\u00bb, afirm\u00f3 entonces el magnate.<\/p>\n","protected":false},"excerpt":{"rendered":"<p>Teletica no transmitir\u00e1 el concurso Miss Universo ni acudir\u00e1 al certamen por las opiniones de Donald Trump &#8216;M\u00e9xico manda a su gente a EU, pero no manda lo mejor&#8217;; cambiar\u00eda su decisi\u00f3n si el magnate ofrece disculpas por sus declaraciones SAN JOS\u00c9, Costa Rica, jul. 1, 2015.- La organizaci\u00f3n de Miss Costa Rica anunci\u00f3 hoy [&hellip;]<\/p>\n","protected":false},"author":3,"featured_media":14697,"comment_status":"open","ping_status":"open","sticky":false,"template":"","format":"standard","meta":{"footnotes":""},"categories":[40],"tags":[],"class_list":["post-14696","post","type-post","status-publish","format-standard","has-post-thumbnail","hentry","category-internacionales"],"_links":{"self":[{"href":"https:\/\/2horizontes.com\/index.php?rest_route=\/wp\/v2\/posts\/14696","targetHints":{"allow":["GET"]}}],"collection":[{"href":"https:\/\/2horizontes.com\/index.php?rest_route=\/wp\/v2\/posts"}],"about":[{"href":"https:\/\/2horizontes.com\/index.php?rest_route=\/wp\/v2\/types\/post"}],"author":[{"embeddable":true,"href":"https:\/\/2horizontes.com\/index.php?rest_route=\/wp\/v2\/users\/3"}],"replies":[{"embeddable":true,"href":"https:\/\/2horizontes.com\/index.php?rest_route=%2Fwp%2Fv2%2Fcomments&post=14696"}],"version-history":[{"count":1,"href":"https:\/\/2horizontes.com\/index.php?rest_route=\/wp\/v2\/posts\/14696\/revisions"}],"predecessor-version":[{"id":14698,"href":"https:\/\/2horizontes.com\/index.php?rest_route=\/wp\/v2\/posts\/14696\/revisions\/14698"}],"wp:featuredmedia":[{"embeddable":true,"href":"https:\/\/2horizontes.com\/index.php?rest_route=\/wp\/v2\/media\/14697"}],"wp:attachment":[{"href":"https:\/\/2horizontes.com\/index.php?rest_route=%2Fwp%2Fv2%2Fmedia&parent=14696"}],"wp:term":[{"taxonomy":"category","embeddable":true,"href":"https:\/\/2horizontes.com\/index.php?rest_route=%2Fwp%2Fv2%2Fcategories&post=14696"},{"taxonomy":"post_tag","embeddable":true,"href":"https:\/\/2horizontes.com\/index.php?rest_route=%2Fwp%2Fv2%2Ftags&post=14696"}],"curies":[{"name":"wp","href":"https:\/\/api.w.org\/{rel}","templated":true}]}}