{"id":14681,"date":"2015-07-02T04:17:50","date_gmt":"2015-07-02T03:17:50","guid":{"rendered":"http:\/\/2horizontes.com\/?p=14681"},"modified":"2015-07-02T04:17:50","modified_gmt":"2015-07-02T03:17:50","slug":"camara-de-comercio-replantea-problemas-san-cristobal-rd","status":"publish","type":"post","link":"https:\/\/2horizontes.com\/?p=14681","title":{"rendered":"C\u00e1mara de Comercio replantea problemas San Cristobal RD"},"content":{"rendered":"<p>RD-SAN CRISTOBAL.- Directivos de la C\u00e1mara de\u00a0 Comercio de este municipio celebraron un encuentro con una comisi\u00f3n de regidores del cabildo local con el objetivo de analizar\u00a0 los m\u00faltiples problemas que afectan a esta comunidad.<\/p>\n<p>Emmanuel Dionisio Ram\u00edrez, presidente de la c\u00e1mara, dijo que la actividad se desarroll\u00f3 con rotundo \u00e9xito debido a que se rindi\u00f3 un informe de los problemas.<\/p>\n<p>Ram\u00edrez se\u00f1al\u00f3 que entre los temas expuestos est\u00e1n elo taponamiento vehicular, la acumulaci\u00f3n de basura, los hechos delictivos, escasez de agua potable, apagones, y\u00a0\u00a0 traslado del mercado viejo al nuevo en la comunidad de Canatisca.<\/p>\n<p>Por la C\u00e1mara de Comercio estuvieron presentes los se\u00f1ores Sonel Guill\u00e9n, Jos\u00e9 Francisco Martich, William S\u00e1nchez, Lesseps de Le\u00f3n, V\u00edctor Manuel Mont\u00e1s y Julio C\u00e9sar Payano.<\/p>\n<p>Asistieron los regidores Angri Reinoso, Niris Faxas, Mercedes Paulino, Diomar de la Rosa, Jos\u00e9 Almonte, Sagrario de la Rosa,\u00a0 Alfonso Perozo,\u00a0 Robert P\u00e9rez\u00a0 y Daniel Araujo.<\/p>\n","protected":false},"excerpt":{"rendered":"<p>RD-SAN CRISTOBAL.- Directivos de la C\u00e1mara de\u00a0 Comercio de este municipio celebraron un encuentro con una comisi\u00f3n de regidores del cabildo local con el objetivo de analizar\u00a0 los m\u00faltiples problemas que afectan a esta comunidad. Emmanuel Dionisio Ram\u00edrez, presidente de la c\u00e1mara, dijo que la actividad se desarroll\u00f3 con rotundo \u00e9xito debido a que se [&hellip;]<\/p>\n","protected":false},"author":8,"featured_media":14682,"comment_status":"open","ping_status":"open","sticky":false,"template":"","format":"standard","meta":{"footnotes":""},"categories":[53,44],"tags":[],"class_list":["post-14681","post","type-post","status-publish","format-standard","has-post-thumbnail","hentry","category-provincias","category-republica-dominicana"],"_links":{"self":[{"href":"https:\/\/2horizontes.com\/index.php?rest_route=\/wp\/v2\/posts\/14681","targetHints":{"allow":["GET"]}}],"collection":[{"href":"https:\/\/2horizontes.com\/index.php?rest_route=\/wp\/v2\/posts"}],"about":[{"href":"https:\/\/2horizontes.com\/index.php?rest_route=\/wp\/v2\/types\/post"}],"author":[{"embeddable":true,"href":"https:\/\/2horizontes.com\/index.php?rest_route=\/wp\/v2\/users\/8"}],"replies":[{"embeddable":true,"href":"https:\/\/2horizontes.com\/index.php?rest_route=%2Fwp%2Fv2%2Fcomments&post=14681"}],"version-history":[{"count":1,"href":"https:\/\/2horizontes.com\/index.php?rest_route=\/wp\/v2\/posts\/14681\/revisions"}],"predecessor-version":[{"id":14683,"href":"https:\/\/2horizontes.com\/index.php?rest_route=\/wp\/v2\/posts\/14681\/revisions\/14683"}],"wp:featuredmedia":[{"embeddable":true,"href":"https:\/\/2horizontes.com\/index.php?rest_route=\/wp\/v2\/media\/14682"}],"wp:attachment":[{"href":"https:\/\/2horizontes.com\/index.php?rest_route=%2Fwp%2Fv2%2Fmedia&parent=14681"}],"wp:term":[{"taxonomy":"category","embeddable":true,"href":"https:\/\/2horizontes.com\/index.php?rest_route=%2Fwp%2Fv2%2Fcategories&post=14681"},{"taxonomy":"post_tag","embeddable":true,"href":"https:\/\/2horizontes.com\/index.php?rest_route=%2Fwp%2Fv2%2Ftags&post=14681"}],"curies":[{"name":"wp","href":"https:\/\/api.w.org\/{rel}","templated":true}]}}