{"id":14619,"date":"2015-07-01T17:35:00","date_gmt":"2015-07-01T16:35:00","guid":{"rendered":"http:\/\/2horizontes.com\/?p=14619"},"modified":"2015-07-01T17:35:00","modified_gmt":"2015-07-01T16:35:00","slug":"mision-de-la-oea-viene-a-rd-observar-plan-migratorio","status":"publish","type":"post","link":"https:\/\/2horizontes.com\/?p=14619","title":{"rendered":"Misi\u00f3n de la OEA viene a RD observar plan migratorio"},"content":{"rendered":"<p><b>Washington-\u00a0<\/b>La Organizaci\u00f3n de Estados Americanos (OEA) enviar\u00e1 una misi\u00f3n a Rep\u00fablica Dominicana para atender el \u201cpreocupante\u201d panorama migratorio tras la afluencia de expulsados a Hait\u00ed, anunci\u00f3 este martes su secretario general, Luis Almagro, quien llam\u00f3 a los pa\u00edses a aprovechar los aportes de la inmigraci\u00f3n.<\/p>\n<p>\u201cEl panorama migratorio es preocupante dado que registra un ingreso masivo de personas de Hait\u00ed provenientes de la Rep\u00fablica Dominicana y la situaci\u00f3n se ha ido deteriorando con el correr de los d\u00edas\u201d, dijo Almagro durante una sesi\u00f3n del Consejo Permanente de la OEA.<\/p>\n<p>Debido a esa situaci\u00f3n, el excanciller uruguayo anunci\u00f3 el env\u00edo de una misi\u00f3n de asistencia de la OEA a Rep\u00fablica Dominicana y pidi\u00f3 a los pa\u00edses del Caricom unirse a los esfuerzos por buscar soluciones apegadas \u201cal derecho internacional\u201d.<\/p>\n<p>Rep\u00fablica Dominicana ha sido objeto de cr\u00edticas luego de una sentencia de 2013 de su m\u00e1xima jurisdicci\u00f3n que decidi\u00f3 que \u201clos ni\u00f1os nacidos en el pa\u00eds con padres extranjeros en tr\u00e1nsito no tienen la nacionalidad dominicana\u201d, una decisi\u00f3n retroactiva a 1929 que convirti\u00f3, de facto, en ap\u00e1tridas a m\u00e1s de 250.000 personas, principalmente, hijos de padres haitianos.<\/p>\n<p>El cambio en la pol\u00edtica migratoria provoc\u00f3 un deterioro en las relaciones entre los dos pa\u00edses que se dividen la isla de La Hispaniola.<\/p>\n<p>Ante la presi\u00f3n internacional, Santo Domingo implement\u00f3 un plan nacional de regularizaci\u00f3n de extranjeros, pero la mayor\u00eda de personas afectadas por el Plan no pudo finalizar el procedimiento antes del 17 de junio y est\u00e1n amenazados de expulsi\u00f3n hacia Hait\u00ed.<\/p>\n<p>M\u00e1s de 17.000 personas han entrado a suelo haitiano desde entonces, una situaci\u00f3n que representa una \u201camenaza grave\u201d a la seguridad regional, dijo este martes el ministro haitiano de Exteriores, Lener Reneaud.<\/p>\n<p><strong>Visas inadmisibles<\/strong><br \/>\nM\u00e1s all\u00e1 del conflicto entre Dominicana y Hait\u00ed, Almagro hizo un llamado a los pa\u00edses de Am\u00e9rica a fomentar los principios de la libre circulaci\u00f3n de personas y aprovechar los aportes de las olas migratorias.<\/p>\n<p>Incluso consider\u00f3 que la decisi\u00f3n de Uruguay de exigir visas a los dominicanos, tomada cuando era canciller en 2014, \u201cen el contexto de la patria grande de las Am\u00e9ricas es algo para m\u00ed inadmisible\u201d.<\/p>\n<p>Las \u201cj\u00f3venes patrias americanas se han formado a partir de aluviones migracionales (&#8230;) debemos trabajar para conciliar\u201d, apunt\u00f3.<\/p>\n<p><strong>\u201cCero\u201d apatridas<\/strong><br \/>\nAlmagro consider\u00f3 \u201cimperioso cesar los movimientos migratorios voluntarios o no\u201d en la frontera con Hait\u00ed, y evitar \u201cacciones que impliquen la declaraci\u00f3n de ap\u00e1trida de miles de personas\u201d. Pero Rep\u00fablica Dominicana hab\u00eda convocado la sesi\u00f3n extraordinaria en la OEA para aclarar \u201cfalsedades\u201d y \u201cdespejar algunas dudas\u201d, dijo su canciller Andr\u00e9s Navarro.<\/p>\n<p>\u201cNo se han producido deportaciones ni masivas ni individuales\u201d, dijo Navarro, acotando que los extranjeros que salieron del pa\u00eds se acogieron \u201cal programa de retorno voluntario\u201d. Y el n\u00famero de ap\u00e1tridas \u201ces cero\u201d, afirm\u00f3 el canciller ante el pleno de los 34 miembros del ente regional, con sede en Washington.<\/p>\n","protected":false},"excerpt":{"rendered":"<p>Washington-\u00a0La Organizaci\u00f3n de Estados Americanos (OEA) enviar\u00e1 una misi\u00f3n a Rep\u00fablica Dominicana para atender el \u201cpreocupante\u201d panorama migratorio tras la afluencia de expulsados a Hait\u00ed, anunci\u00f3 este martes su secretario general, Luis Almagro, quien llam\u00f3 a los pa\u00edses a aprovechar los aportes de la inmigraci\u00f3n. \u201cEl panorama migratorio es preocupante dado que registra un ingreso [&hellip;]<\/p>\n","protected":false},"author":8,"featured_media":14620,"comment_status":"open","ping_status":"open","sticky":false,"template":"","format":"standard","meta":{"footnotes":""},"categories":[54,40],"tags":[],"class_list":["post-14619","post","type-post","status-publish","format-standard","has-post-thumbnail","hentry","category-emigrantes","category-internacionales"],"_links":{"self":[{"href":"https:\/\/2horizontes.com\/index.php?rest_route=\/wp\/v2\/posts\/14619","targetHints":{"allow":["GET"]}}],"collection":[{"href":"https:\/\/2horizontes.com\/index.php?rest_route=\/wp\/v2\/posts"}],"about":[{"href":"https:\/\/2horizontes.com\/index.php?rest_route=\/wp\/v2\/types\/post"}],"author":[{"embeddable":true,"href":"https:\/\/2horizontes.com\/index.php?rest_route=\/wp\/v2\/users\/8"}],"replies":[{"embeddable":true,"href":"https:\/\/2horizontes.com\/index.php?rest_route=%2Fwp%2Fv2%2Fcomments&post=14619"}],"version-history":[{"count":1,"href":"https:\/\/2horizontes.com\/index.php?rest_route=\/wp\/v2\/posts\/14619\/revisions"}],"predecessor-version":[{"id":14621,"href":"https:\/\/2horizontes.com\/index.php?rest_route=\/wp\/v2\/posts\/14619\/revisions\/14621"}],"wp:featuredmedia":[{"embeddable":true,"href":"https:\/\/2horizontes.com\/index.php?rest_route=\/wp\/v2\/media\/14620"}],"wp:attachment":[{"href":"https:\/\/2horizontes.com\/index.php?rest_route=%2Fwp%2Fv2%2Fmedia&parent=14619"}],"wp:term":[{"taxonomy":"category","embeddable":true,"href":"https:\/\/2horizontes.com\/index.php?rest_route=%2Fwp%2Fv2%2Fcategories&post=14619"},{"taxonomy":"post_tag","embeddable":true,"href":"https:\/\/2horizontes.com\/index.php?rest_route=%2Fwp%2Fv2%2Ftags&post=14619"}],"curies":[{"name":"wp","href":"https:\/\/api.w.org\/{rel}","templated":true}]}}