{"id":14610,"date":"2015-07-01T17:04:43","date_gmt":"2015-07-01T16:04:43","guid":{"rendered":"http:\/\/2horizontes.com\/?p=14610"},"modified":"2015-07-01T17:04:43","modified_gmt":"2015-07-01T16:04:43","slug":"paralizan-tramo-de-la-2da-linea-del-metro-por-fallas-tecnicas-rd","status":"publish","type":"post","link":"https:\/\/2horizontes.com\/?p=14610","title":{"rendered":"Paralizan tramo de la 2da l\u00ednea del Metro por fallas t\u00e9cnicas RD"},"content":{"rendered":"<p>RD-SANTO DOMINGO-Durante alrededor de 45 minutos, un tramo de la segunda l\u00ednea del Metro de Santo Domingo estuvo paralizado esta ma\u00f1ana en la estaci\u00f3n Juan Pablo Duarte por fallas t\u00e9cnicas.<\/p>\n<p>Los pasajeros que estaban varados en la estaci\u00f3n se quejaron porque las autoridades no le explicaban lo que estaba sucediendo. Luego de la interrupci\u00f3n, el Metro continu\u00f3 funcionando de manera normal.<\/p>\n<p>Seg\u00fan explic\u00f3 Leonel Carrasco, director de la Oficina para el Reordenamiento del Transporte (OPRET), un censor se recalent\u00f3 y tuvieron que reiniciarlo para restablecer el servicio.<\/p>\n<p>Asegur\u00f3 que fue solo un tramo en la avenida Luper\u00f3n con la avenida John F. Kennedy, hasta la avenida Jos\u00e9 Ortega y Gasset con John F. Kennedy, entre las estaciones Mar\u00eda Montez y Wiche Garc\u00eda Saleta.<\/p>\n<p>\u201cYa se restableci\u00f3 el servicio. Son aparatos muy sofisticados que hay que tenerlos refrigerados a una temperatura estable, pero ellos no son infalibles\u201d, afirm\u00f3 Carrasco a trav\u00e9s de una llamada telef\u00f3nica realizada al programa radial \u00abEl zol de la ma\u00f1ana\u00bb.<\/p>\n<p>Una pasajera, identificada como Rosaira Concepci\u00f3n Hern\u00e1ndez, de 22 a\u00f1os, tuvo dificultades respiratorias, debido a que estuvo encerrada dentro de los vagones por unos 15 minutos junto a otros pasajeros.<\/p>\n<p>La joven fue trasladada por una ambulancia del 9-1-1 a un centro m\u00e9dico para que recibiera las atenciones de lugar.<\/p>\n<p>FUENTE: LISTIN DIARIO<\/p>\n","protected":false},"excerpt":{"rendered":"<p>RD-SANTO DOMINGO-Durante alrededor de 45 minutos, un tramo de la segunda l\u00ednea del Metro de Santo Domingo estuvo paralizado esta ma\u00f1ana en la estaci\u00f3n Juan Pablo Duarte por fallas t\u00e9cnicas. Los pasajeros que estaban varados en la estaci\u00f3n se quejaron porque las autoridades no le explicaban lo que estaba sucediendo. Luego de la interrupci\u00f3n, el [&hellip;]<\/p>\n","protected":false},"author":8,"featured_media":14611,"comment_status":"open","ping_status":"open","sticky":false,"template":"","format":"standard","meta":{"footnotes":""},"categories":[44],"tags":[],"class_list":["post-14610","post","type-post","status-publish","format-standard","has-post-thumbnail","hentry","category-republica-dominicana"],"_links":{"self":[{"href":"https:\/\/2horizontes.com\/index.php?rest_route=\/wp\/v2\/posts\/14610","targetHints":{"allow":["GET"]}}],"collection":[{"href":"https:\/\/2horizontes.com\/index.php?rest_route=\/wp\/v2\/posts"}],"about":[{"href":"https:\/\/2horizontes.com\/index.php?rest_route=\/wp\/v2\/types\/post"}],"author":[{"embeddable":true,"href":"https:\/\/2horizontes.com\/index.php?rest_route=\/wp\/v2\/users\/8"}],"replies":[{"embeddable":true,"href":"https:\/\/2horizontes.com\/index.php?rest_route=%2Fwp%2Fv2%2Fcomments&post=14610"}],"version-history":[{"count":1,"href":"https:\/\/2horizontes.com\/index.php?rest_route=\/wp\/v2\/posts\/14610\/revisions"}],"predecessor-version":[{"id":14612,"href":"https:\/\/2horizontes.com\/index.php?rest_route=\/wp\/v2\/posts\/14610\/revisions\/14612"}],"wp:featuredmedia":[{"embeddable":true,"href":"https:\/\/2horizontes.com\/index.php?rest_route=\/wp\/v2\/media\/14611"}],"wp:attachment":[{"href":"https:\/\/2horizontes.com\/index.php?rest_route=%2Fwp%2Fv2%2Fmedia&parent=14610"}],"wp:term":[{"taxonomy":"category","embeddable":true,"href":"https:\/\/2horizontes.com\/index.php?rest_route=%2Fwp%2Fv2%2Fcategories&post=14610"},{"taxonomy":"post_tag","embeddable":true,"href":"https:\/\/2horizontes.com\/index.php?rest_route=%2Fwp%2Fv2%2Ftags&post=14610"}],"curies":[{"name":"wp","href":"https:\/\/api.w.org\/{rel}","templated":true}]}}