{"id":14595,"date":"2015-07-01T14:05:39","date_gmt":"2015-07-01T13:05:39","guid":{"rendered":"http:\/\/2horizontes.com\/?p=14595"},"modified":"2015-07-01T14:05:39","modified_gmt":"2015-07-01T13:05:39","slug":"alberto-isla-califica-como-vergonzosas-las-imagenes-de-chabelita-y-christopher-en-sv","status":"publish","type":"post","link":"https:\/\/2horizontes.com\/?p=14595","title":{"rendered":"Alberto Isla califica como \u201cvergonzosas\u201d las im\u00e1genes de Chabelita y Christopher en \u2018SV\u2019"},"content":{"rendered":"<p>Aseguraba que, como espectador, no entiende las im\u00e1genes dado que la madre de su hijo tiene pareja y a\u00f1ad\u00eda que tambi\u00e9n le molesta que Isa diga que no quiere volver a Espa\u00f1a. \u201cTiene personas a su responsabilidad fuera de la isla y que diga que no echa de menos y que quiere quedarse ah\u00ed me parece una verg\u00fcenza y me indigna por completo\u201d, dec\u00eda.<\/p>\n<p>Alberto Isla: \u201cQuiero mantener una relaci\u00f3n cordial con Isa cuando vuelva de la isla\u201d<\/p>\n<p>Pero, a pesar de todo, Alberto asegura que quiere acercar posturas con su ex, con quien l e gustar\u00eda tener una relaci\u00f3n \u201ccordial\u201d y \u201cnormal\u201d. Sin embargo, negaba ante las preguntas de Kiko Hern\u00e1ndez que su objetivo sea retomar la relaci\u00f3n: \u201cEl tema de conversaci\u00f3n que vamos a tener siempre ser\u00e1 el ni\u00f1o\u201d, dec\u00eda<\/p>\n<p>A. Isla reconoce que lleva tiempo sin criticar a la familia Pantoja porque est\u00e1 arrepentido<\/p>\n<p>Los colaboradores percib\u00edan un cambio en la actitud de Alberto. Lejos quedan sus cr\u00edticas y quejas y le interrogaban sobre los motivos: \u201cEstoy arrepentido\u201d, dec\u00eda y negaba tener miedo a pesar de haber recibido una demanda.<\/p>\n<p>&nbsp;<\/p>\n","protected":false},"excerpt":{"rendered":"<p>Aseguraba que, como espectador, no entiende las im\u00e1genes dado que la madre de su hijo tiene pareja y a\u00f1ad\u00eda que tambi\u00e9n le molesta que Isa diga que no quiere volver a Espa\u00f1a. \u201cTiene personas a su responsabilidad fuera de la isla y que diga que no echa de menos y que quiere quedarse ah\u00ed me [&hellip;]<\/p>\n","protected":false},"author":3,"featured_media":14596,"comment_status":"open","ping_status":"open","sticky":false,"template":"","format":"standard","meta":{"footnotes":""},"categories":[1],"tags":[],"class_list":["post-14595","post","type-post","status-publish","format-standard","has-post-thumbnail","hentry","category-entretenimiento"],"_links":{"self":[{"href":"https:\/\/2horizontes.com\/index.php?rest_route=\/wp\/v2\/posts\/14595","targetHints":{"allow":["GET"]}}],"collection":[{"href":"https:\/\/2horizontes.com\/index.php?rest_route=\/wp\/v2\/posts"}],"about":[{"href":"https:\/\/2horizontes.com\/index.php?rest_route=\/wp\/v2\/types\/post"}],"author":[{"embeddable":true,"href":"https:\/\/2horizontes.com\/index.php?rest_route=\/wp\/v2\/users\/3"}],"replies":[{"embeddable":true,"href":"https:\/\/2horizontes.com\/index.php?rest_route=%2Fwp%2Fv2%2Fcomments&post=14595"}],"version-history":[{"count":1,"href":"https:\/\/2horizontes.com\/index.php?rest_route=\/wp\/v2\/posts\/14595\/revisions"}],"predecessor-version":[{"id":14597,"href":"https:\/\/2horizontes.com\/index.php?rest_route=\/wp\/v2\/posts\/14595\/revisions\/14597"}],"wp:featuredmedia":[{"embeddable":true,"href":"https:\/\/2horizontes.com\/index.php?rest_route=\/wp\/v2\/media\/14596"}],"wp:attachment":[{"href":"https:\/\/2horizontes.com\/index.php?rest_route=%2Fwp%2Fv2%2Fmedia&parent=14595"}],"wp:term":[{"taxonomy":"category","embeddable":true,"href":"https:\/\/2horizontes.com\/index.php?rest_route=%2Fwp%2Fv2%2Fcategories&post=14595"},{"taxonomy":"post_tag","embeddable":true,"href":"https:\/\/2horizontes.com\/index.php?rest_route=%2Fwp%2Fv2%2Ftags&post=14595"}],"curies":[{"name":"wp","href":"https:\/\/api.w.org\/{rel}","templated":true}]}}